{"id":116789,"date":"2025-02-18T16:14:51","date_gmt":"2025-02-18T19:14:51","guid":{"rendered":"https:\/\/blogdoedvaldomagalhaes.com.br\/?p=116789"},"modified":"2025-02-18T16:14:51","modified_gmt":"2025-02-18T19:14:51","slug":"vereador-jorge-quintino-pede-reconhecimento-da-fibromialgia-como-deficiencia-e-criacao-de-centro-especializado","status":"publish","type":"post","link":"https:\/\/blogdoedvaldomagalhaes.com.br\/index.php\/2025\/02\/18\/vereador-jorge-quintino-pede-reconhecimento-da-fibromialgia-como-deficiencia-e-criacao-de-centro-especializado\/","title":{"rendered":"Vereador Jorge Quintino pede reconhecimento da fibromialgia como defici\u00eancia e cria\u00e7\u00e3o de centro especializado"},"content":{"rendered":"<p><span style=\"font-size: revert;\">O vereador Jorge Quintino (PODE), segue avan\u00e7ando na luta pelos direitos das pessoas com fibromialgia em Caruaru. Depois de garantir, em 2022, a aprova\u00e7\u00e3o da Carteira de Atendimento Priorit\u00e1rio para pessoas com fibromialgia \u2014 um marco importante para a inclus\u00e3o e dignidade dessas pessoas \u2014 ele agora apresenta dois novos projetos que ampliam essa prote\u00e7\u00e3o.<\/span><\/p>\n<p>O primeiro projeto prop\u00f5e o reconhecimento da pessoa com fibromialgia como pessoa com defici\u00eancia, garantindo a esse p\u00fablico mais acesso a direitos e pol\u00edticas p\u00fablicas. O segundo busca a cria\u00e7\u00e3o de um Centro de Refer\u00eancia para o Tratamento da Fibromialgia, um espa\u00e7o especializado para oferecer acompanhamento multidisciplinar, com m\u00e9dicos, fisioterapeutas, psic\u00f3logos e terapeutas ocupacionais, garantindo diagn\u00f3sticos precisos e tratamentos individualizados.<\/p>\n<p>Neste m\u00eas dedicado \u00e0 conscientiza\u00e7\u00e3o sobre a fibromialgia, Jorge Quintino refor\u00e7a seu compromisso com essa causa e destaca que essa \u00e9 apenas mais uma etapa de uma luta cont\u00ednua para garantir mais qualidade de vida e respeito \u00e0s pessoas que convivem com essa condi\u00e7\u00e3o. \u201cSeguimos firmes, buscando avan\u00e7os e construindo pol\u00edticas p\u00fablicas que realmente fa\u00e7am a diferen\u00e7a na vida das pessoas\u201d, afirmou o vereador.<br \/>\nSeja seguidor do Instagram do Blog pelo @blogdoedvaldomagalhaes<br \/>\nFoto: Divulga\u00e7\u00e3o<\/p>\n","protected":false},"excerpt":{"rendered":"<p>O vereador Jorge Quintino (PODE), segue avan\u00e7ando na luta pelos direitos das pessoas com fibromialgia em Caruaru. Depois de garantir,&hellip;<\/p>\n","protected":false},"author":1,"featured_media":116790,"comment_status":"closed","ping_status":"open","sticky":false,"template":"","format":"standard","meta":{"footnotes":""},"categories":[14122],"tags":[7120,30592,27410,13146,28801,20,27236],"class_list":["post-116789","post","type-post","status-publish","format-standard","has-post-thumbnail","hentry","category-politica","tag-blog","tag-blog-com-mais-seguidores","tag-blog-de-caruaru","tag-blog-edvaldo-magalhaes","tag-blog-mais-acessado","tag-politica","tag-vereador-jorge-quintino"],"_links":{"self":[{"href":"https:\/\/blogdoedvaldomagalhaes.com.br\/index.php\/wp-json\/wp\/v2\/posts\/116789","targetHints":{"allow":["GET"]}}],"collection":[{"href":"https:\/\/blogdoedvaldomagalhaes.com.br\/index.php\/wp-json\/wp\/v2\/posts"}],"about":[{"href":"https:\/\/blogdoedvaldomagalhaes.com.br\/index.php\/wp-json\/wp\/v2\/types\/post"}],"author":[{"embeddable":true,"href":"https:\/\/blogdoedvaldomagalhaes.com.br\/index.php\/wp-json\/wp\/v2\/users\/1"}],"replies":[{"embeddable":true,"href":"https:\/\/blogdoedvaldomagalhaes.com.br\/index.php\/wp-json\/wp\/v2\/comments?post=116789"}],"version-history":[{"count":1,"href":"https:\/\/blogdoedvaldomagalhaes.com.br\/index.php\/wp-json\/wp\/v2\/posts\/116789\/revisions"}],"predecessor-version":[{"id":116791,"href":"https:\/\/blogdoedvaldomagalhaes.com.br\/index.php\/wp-json\/wp\/v2\/posts\/116789\/revisions\/116791"}],"wp:featuredmedia":[{"embeddable":true,"href":"https:\/\/blogdoedvaldomagalhaes.com.br\/index.php\/wp-json\/wp\/v2\/media\/116790"}],"wp:attachment":[{"href":"https:\/\/blogdoedvaldomagalhaes.com.br\/index.php\/wp-json\/wp\/v2\/media?parent=116789"}],"wp:term":[{"taxonomy":"category","embeddable":true,"href":"https:\/\/blogdoedvaldomagalhaes.com.br\/index.php\/wp-json\/wp\/v2\/categories?post=116789"},{"taxonomy":"post_tag","embeddable":true,"href":"https:\/\/blogdoedvaldomagalhaes.com.br\/index.php\/wp-json\/wp\/v2\/tags?post=116789"}],"curies":[{"name":"wp","href":"https:\/\/api.w.org\/{rel}","templated":true}]}}