{"id":116783,"date":"2025-02-18T11:54:34","date_gmt":"2025-02-18T14:54:34","guid":{"rendered":"https:\/\/blogdoedvaldomagalhaes.com.br\/?p=116783"},"modified":"2025-02-18T11:54:34","modified_gmt":"2025-02-18T14:54:34","slug":"imoa-pe-promove-rifa-solidaria-para-estruturar-atelie-sustentavel-do-instituto","status":"publish","type":"post","link":"https:\/\/blogdoedvaldomagalhaes.com.br\/index.php\/2025\/02\/18\/imoa-pe-promove-rifa-solidaria-para-estruturar-atelie-sustentavel-do-instituto\/","title":{"rendered":"IMOA-PE promove \u201cRifa Solid\u00e1ria\u201d para estruturar ateli\u00ea sustent\u00e1vel do instituto"},"content":{"rendered":"<p>O objetivo \u00e9 arrecadar fundos para acelerar projetos de educa\u00e7\u00e3o ambiental, al\u00e9m de estruturar o ateli\u00ea<\/p>\n<p>O Instituto de Meio Ambiente de Pernambuco (IMOA-PE) est\u00e1 realizando uma rifa solidaria em prol do Instituto. O objetivo \u00e9 arrecadar fundos para acelerar projetos de conserva\u00e7\u00e3o e educa\u00e7\u00e3o ambiental, dentre eles a estrutura\u00e7\u00e3o do ateli\u00ea localizado no galp\u00e3o do IMOA. O pr\u00eamio ser\u00e1 uma jaqueta sustent\u00e1vel feita sob medida pelo instituto com cria\u00e7\u00e3o da designer Simone Marinho volunt\u00e1ria do projeto. <\/p>\n<p>A rifa \u00e9 uma oportunidade \u00fanica para que parceiros, volunt\u00e1rios e a sociedade possa contribuir com uma causa nobre e de responsabilidade com o meio ambiente. O IMOA-PE, al\u00e9m de ajudar a diminuir o lixo do planeta, acompanha s\u00f3 na capital do Agreste, mais de 400 fam\u00edlias em vulnerabilidade social que atuam como catadores de recicl\u00e1veis gerando renda para suas fam\u00edlias. O instituto ainda promove cursos, a\u00e7\u00f5es sociais, treinamentos, entre outras atividades. <\/p>\n<p>A presidente do IMOA-PE, Gilvaneide Silva, destaca a import\u00e2ncia de todos contribu\u00edrem com essa iniciativa. \u201cO IMOA promove a criatividade consciente, reutilizando materiais e incentivando um mundo mais sustent\u00e1vel. A rifa est\u00e1 aberta e qualquer pessoa poder\u00e1 escolher o seu n\u00famero e contribuir com um valor de dez reais. Nosso intuito \u00e9 reestruturar o ateli\u00ea e continuar gerando renda circular para essas fam\u00edlias\u201d, disse. <\/p>\n<p>Os interessados em participar da rifa basta clicar nesse link https:\/\/rifapersonalizada.com.br\/rifa-ecocriativa-inovacao-que-sustenta-o-futuro-lYSErN escolher um n\u00famero e finalizar a compra realizando o PIX.<br \/>\nSeja seguidor do Instagram do Blog pelo @blogdoedvaldomagalhaes<br \/>\nFoto: Divulga\u00e7\u00e3o <\/p>\n","protected":false},"excerpt":{"rendered":"<p>O objetivo \u00e9 arrecadar fundos para acelerar projetos de educa\u00e7\u00e3o ambiental, al\u00e9m de estruturar o ateli\u00ea O Instituto de Meio&hellip;<\/p>\n","protected":false},"author":1,"featured_media":116784,"comment_status":"closed","ping_status":"open","sticky":false,"template":"","format":"standard","meta":{"footnotes":""},"categories":[14120],"tags":[28803,27410,2,28801,32787],"class_list":["post-116783","post","type-post","status-publish","format-standard","has-post-thumbnail","hentry","category-noticias","tag-blog-com-mais-visualizacoes","tag-blog-de-caruaru","tag-blog-do-edvaldo-magalhaes","tag-blog-mais-acessado","tag-imoa-pe-promove-rifa-solidaria-para-estruturar-atelie-sustentavel-do-instituto"],"_links":{"self":[{"href":"https:\/\/blogdoedvaldomagalhaes.com.br\/index.php\/wp-json\/wp\/v2\/posts\/116783","targetHints":{"allow":["GET"]}}],"collection":[{"href":"https:\/\/blogdoedvaldomagalhaes.com.br\/index.php\/wp-json\/wp\/v2\/posts"}],"about":[{"href":"https:\/\/blogdoedvaldomagalhaes.com.br\/index.php\/wp-json\/wp\/v2\/types\/post"}],"author":[{"embeddable":true,"href":"https:\/\/blogdoedvaldomagalhaes.com.br\/index.php\/wp-json\/wp\/v2\/users\/1"}],"replies":[{"embeddable":true,"href":"https:\/\/blogdoedvaldomagalhaes.com.br\/index.php\/wp-json\/wp\/v2\/comments?post=116783"}],"version-history":[{"count":1,"href":"https:\/\/blogdoedvaldomagalhaes.com.br\/index.php\/wp-json\/wp\/v2\/posts\/116783\/revisions"}],"predecessor-version":[{"id":116785,"href":"https:\/\/blogdoedvaldomagalhaes.com.br\/index.php\/wp-json\/wp\/v2\/posts\/116783\/revisions\/116785"}],"wp:featuredmedia":[{"embeddable":true,"href":"https:\/\/blogdoedvaldomagalhaes.com.br\/index.php\/wp-json\/wp\/v2\/media\/116784"}],"wp:attachment":[{"href":"https:\/\/blogdoedvaldomagalhaes.com.br\/index.php\/wp-json\/wp\/v2\/media?parent=116783"}],"wp:term":[{"taxonomy":"category","embeddable":true,"href":"https:\/\/blogdoedvaldomagalhaes.com.br\/index.php\/wp-json\/wp\/v2\/categories?post=116783"},{"taxonomy":"post_tag","embeddable":true,"href":"https:\/\/blogdoedvaldomagalhaes.com.br\/index.php\/wp-json\/wp\/v2\/tags?post=116783"}],"curies":[{"name":"wp","href":"https:\/\/api.w.org\/{rel}","templated":true}]}}