{"id":116780,"date":"2025-02-18T11:34:19","date_gmt":"2025-02-18T14:34:19","guid":{"rendered":"https:\/\/blogdoedvaldomagalhaes.com.br\/?p=116780"},"modified":"2025-02-18T11:41:47","modified_gmt":"2025-02-18T14:41:47","slug":"feira-da-mulher-empreendedora-sera-realizada-dentro-do-pre-carnaval-multicultural-de-caruaru","status":"publish","type":"post","link":"https:\/\/blogdoedvaldomagalhaes.com.br\/index.php\/2025\/02\/18\/feira-da-mulher-empreendedora-sera-realizada-dentro-do-pre-carnaval-multicultural-de-caruaru\/","title":{"rendered":"Feira da Mulher Empreendedora ser\u00e1 realizada dentro do Pr\u00e9-Carnaval Multicultural de Caruaru"},"content":{"rendered":"<p>_Mulheres que participam do Programa Mulher Empreendedora v\u00e3o comercializar produtos na Esta\u00e7\u00e3o Ferrovi\u00e1ria nos dias 21 e 22 de fevereiro._<\/p>\n<p>Nos dias 21 e 22 de fevereiro ser\u00e1 realizada mais uma edi\u00e7\u00e3o da Feira da Mulher Empreendedora em Caruaru. A iniciativa \u00e9 da Prefeitura de Caruaru, por meio da Secretaria da Mulher (SEMU), e acontecer\u00e1 na Esta\u00e7\u00e3o Ferrovi\u00e1ria, dentro da programa\u00e7\u00e3o do Pr\u00e9-Carnaval Multicultural. <\/p>\n<p>No dia 21 de fevereiro, a feira ser\u00e1 realizada das 18h \u00e0s 23h. No dia 22, a feira acontecer\u00e1 das 9h \u00e0s 15h. No local, ser\u00e3o comercializados adere\u00e7os de carnaval, acess\u00f3rios, itens de decora\u00e7\u00e3o e artesanato produzidos pelas mulheres que fazem parte do Programa Mulher Empreendedora.<\/p>\n<p>O objetivo do programa, que conta com a\u00e7\u00f5es como a Feira da Mulher Empreendedora, \u00e9 de incentivar a autonomia econ\u00f4mica, a gera\u00e7\u00e3o de renda e o empreendedorismo feminino em Caruaru. Foto: Divulga\u00e7\u00e3o\/Secom<br \/>\nSeja seguidor do Instagram do Blog pelo @blogdoedvaldomagalhaes<\/p>\n","protected":false},"excerpt":{"rendered":"<p>_Mulheres que participam do Programa Mulher Empreendedora v\u00e3o comercializar produtos na Esta\u00e7\u00e3o Ferrovi\u00e1ria nos dias 21 e 22 de fevereiro._&hellip;<\/p>\n","protected":false},"author":1,"featured_media":116782,"comment_status":"closed","ping_status":"open","sticky":false,"template":"","format":"standard","meta":{"footnotes":""},"categories":[14120],"tags":[30592,27410,13146,28801,32786],"class_list":["post-116780","post","type-post","status-publish","format-standard","has-post-thumbnail","hentry","category-noticias","tag-blog-com-mais-seguidores","tag-blog-de-caruaru","tag-blog-edvaldo-magalhaes","tag-blog-mais-acessado","tag-feira-da-mulher-empreendedora-sera-realizada-dentro-do-pre-carnaval-multicultural-de-caruaru"],"_links":{"self":[{"href":"https:\/\/blogdoedvaldomagalhaes.com.br\/index.php\/wp-json\/wp\/v2\/posts\/116780","targetHints":{"allow":["GET"]}}],"collection":[{"href":"https:\/\/blogdoedvaldomagalhaes.com.br\/index.php\/wp-json\/wp\/v2\/posts"}],"about":[{"href":"https:\/\/blogdoedvaldomagalhaes.com.br\/index.php\/wp-json\/wp\/v2\/types\/post"}],"author":[{"embeddable":true,"href":"https:\/\/blogdoedvaldomagalhaes.com.br\/index.php\/wp-json\/wp\/v2\/users\/1"}],"replies":[{"embeddable":true,"href":"https:\/\/blogdoedvaldomagalhaes.com.br\/index.php\/wp-json\/wp\/v2\/comments?post=116780"}],"version-history":[{"count":1,"href":"https:\/\/blogdoedvaldomagalhaes.com.br\/index.php\/wp-json\/wp\/v2\/posts\/116780\/revisions"}],"predecessor-version":[{"id":116781,"href":"https:\/\/blogdoedvaldomagalhaes.com.br\/index.php\/wp-json\/wp\/v2\/posts\/116780\/revisions\/116781"}],"wp:featuredmedia":[{"embeddable":true,"href":"https:\/\/blogdoedvaldomagalhaes.com.br\/index.php\/wp-json\/wp\/v2\/media\/116782"}],"wp:attachment":[{"href":"https:\/\/blogdoedvaldomagalhaes.com.br\/index.php\/wp-json\/wp\/v2\/media?parent=116780"}],"wp:term":[{"taxonomy":"category","embeddable":true,"href":"https:\/\/blogdoedvaldomagalhaes.com.br\/index.php\/wp-json\/wp\/v2\/categories?post=116780"},{"taxonomy":"post_tag","embeddable":true,"href":"https:\/\/blogdoedvaldomagalhaes.com.br\/index.php\/wp-json\/wp\/v2\/tags?post=116780"}],"curies":[{"name":"wp","href":"https:\/\/api.w.org\/{rel}","templated":true}]}}