{"id":116777,"date":"2025-02-18T11:18:37","date_gmt":"2025-02-18T14:18:37","guid":{"rendered":"https:\/\/blogdoedvaldomagalhaes.com.br\/?p=116777"},"modified":"2025-02-18T11:18:37","modified_gmt":"2025-02-18T14:18:37","slug":"colisao-envolve-caminhoes-caminhonete-e-carro-em-caruaru","status":"publish","type":"post","link":"https:\/\/blogdoedvaldomagalhaes.com.br\/index.php\/2025\/02\/18\/colisao-envolve-caminhoes-caminhonete-e-carro-em-caruaru\/","title":{"rendered":"Colis\u00e3o envolve caminh\u00f5es, caminhonete e carro em Caruaru"},"content":{"rendered":"<p>O sinistro de tr\u00e2nsito ocorreu por volta das 9h, desta ter\u00e7a-feira (18.02), no Km 68 da BR 104, em Caruaru, no Agreste de Pernambuco.<\/p>\n<p>Foi uma colis\u00e3o envolvendo dois caminh\u00f5es, uma caminhonete e um carro. Uma caminhonete parou na faixa de acelera\u00e7\u00e3o para fazer um retorno, quando foi atingida na parte de tr\u00e1s por um caminh\u00e3o. Em seguida, a caminhonete rodou na pista, colidiu em um carro e colidiu de frente com outro caminh\u00e3o. <\/p>\n<p>Ningu\u00e9m ficou ferido. O motorista do primeiro caminh\u00e3o era inabilitado e foi autuado. Todos os motoristas realizaram o teste do baf\u00f4metro e o resultado foi normal.<br \/>\nSiga o Instagram do Blog pelo @blogdoedvaldomagalhaes<br \/>\nFoto: Divulga\u00e7\u00e3o\/PRF<\/p>\n","protected":false},"excerpt":{"rendered":"<p>O sinistro de tr\u00e2nsito ocorreu por volta das 9h, desta ter\u00e7a-feira (18.02), no Km 68 da BR 104, em Caruaru,&hellip;<\/p>\n","protected":false},"author":1,"featured_media":116778,"comment_status":"closed","ping_status":"open","sticky":false,"template":"","format":"standard","meta":{"footnotes":""},"categories":[14120],"tags":[14276,29440,27410,2,28801,32785,30295,21225],"class_list":["post-116777","post","type-post","status-publish","format-standard","has-post-thumbnail","hentry","category-noticias","tag-acidente","tag-blog-com-mais-visualizacao","tag-blog-de-caruaru","tag-blog-do-edvaldo-magalhaes","tag-blog-mais-acessado","tag-colisao-envolve-caminhoes-caminhonete-e-carro-em-caruaru","tag-sinistro","tag-transito"],"_links":{"self":[{"href":"https:\/\/blogdoedvaldomagalhaes.com.br\/index.php\/wp-json\/wp\/v2\/posts\/116777","targetHints":{"allow":["GET"]}}],"collection":[{"href":"https:\/\/blogdoedvaldomagalhaes.com.br\/index.php\/wp-json\/wp\/v2\/posts"}],"about":[{"href":"https:\/\/blogdoedvaldomagalhaes.com.br\/index.php\/wp-json\/wp\/v2\/types\/post"}],"author":[{"embeddable":true,"href":"https:\/\/blogdoedvaldomagalhaes.com.br\/index.php\/wp-json\/wp\/v2\/users\/1"}],"replies":[{"embeddable":true,"href":"https:\/\/blogdoedvaldomagalhaes.com.br\/index.php\/wp-json\/wp\/v2\/comments?post=116777"}],"version-history":[{"count":1,"href":"https:\/\/blogdoedvaldomagalhaes.com.br\/index.php\/wp-json\/wp\/v2\/posts\/116777\/revisions"}],"predecessor-version":[{"id":116779,"href":"https:\/\/blogdoedvaldomagalhaes.com.br\/index.php\/wp-json\/wp\/v2\/posts\/116777\/revisions\/116779"}],"wp:featuredmedia":[{"embeddable":true,"href":"https:\/\/blogdoedvaldomagalhaes.com.br\/index.php\/wp-json\/wp\/v2\/media\/116778"}],"wp:attachment":[{"href":"https:\/\/blogdoedvaldomagalhaes.com.br\/index.php\/wp-json\/wp\/v2\/media?parent=116777"}],"wp:term":[{"taxonomy":"category","embeddable":true,"href":"https:\/\/blogdoedvaldomagalhaes.com.br\/index.php\/wp-json\/wp\/v2\/categories?post=116777"},{"taxonomy":"post_tag","embeddable":true,"href":"https:\/\/blogdoedvaldomagalhaes.com.br\/index.php\/wp-json\/wp\/v2\/tags?post=116777"}],"curies":[{"name":"wp","href":"https:\/\/api.w.org\/{rel}","templated":true}]}}