{"id":116774,"date":"2025-02-18T11:12:14","date_gmt":"2025-02-18T14:12:14","guid":{"rendered":"https:\/\/blogdoedvaldomagalhaes.com.br\/?p=116774"},"modified":"2025-02-18T11:12:14","modified_gmt":"2025-02-18T14:12:14","slug":"defesa-civil-vai-monitorar-espaco-aereo-no-pre-carnaval-multicultural-de-caruaru","status":"publish","type":"post","link":"https:\/\/blogdoedvaldomagalhaes.com.br\/index.php\/2025\/02\/18\/defesa-civil-vai-monitorar-espaco-aereo-no-pre-carnaval-multicultural-de-caruaru\/","title":{"rendered":"Defesa Civil vai monitorar espa\u00e7o a\u00e9reo no Pr\u00e9-Carnaval Multicultural de Caruaru"},"content":{"rendered":"<p>A Secretaria de Seguran\u00e7a Municipal, atrav\u00e9s da Defesa Civil, informa que o espa\u00e7o a\u00e9reo, para o uso de drones, ser\u00e1 monitorado no Pr\u00e9-Carnaval Multicultural de Caruaru, realizado nos dias 21 e 22 de fevereiro. <\/p>\n<p>O objetivo da determina\u00e7\u00e3o \u00e9 estabelecer medidas que promovam a melhoria da seguran\u00e7a, na organiza\u00e7\u00e3o do controle de tr\u00e1fego a\u00e9reo de RPA&#8217;s (Aeronave Remotamente Pilotada) e similares, mais conhecidos como drones. O espa\u00e7o ter\u00e1 o bloqueio normativo da For\u00e7a A\u00e9rea Brasileira (FAB).<\/p>\n<p>Caso seja necess\u00e1rio o uso do drone para cobertura do evento, o propriet\u00e1rio do equipamento deve entrar em contato com o WhatsApp da Defesa Civil de Caruaru, o 81 98384-2411, para libera\u00e7\u00e3o do uso do equipamento, por meio da apresenta\u00e7\u00e3o de documentos obrigat\u00f3rios. O servi\u00e7o \u00e9 gratuito, sem necessidade de pagar alguma taxa ao munic\u00edpio.<br \/>\nSiga o Instagram do Blog pelo @blogdoedvaldomagalhaes<br \/>\nFoto: Jorge Farias\/PMC<\/p>\n","protected":false},"excerpt":{"rendered":"<p>A Secretaria de Seguran\u00e7a Municipal, atrav\u00e9s da Defesa Civil, informa que o espa\u00e7o a\u00e9reo, para o uso de drones, ser\u00e1&hellip;<\/p>\n","protected":false},"author":1,"featured_media":116775,"comment_status":"closed","ping_status":"open","sticky":false,"template":"","format":"standard","meta":{"footnotes":""},"categories":[14120],"tags":[28803,27410,13146,28801,32784],"class_list":["post-116774","post","type-post","status-publish","format-standard","has-post-thumbnail","hentry","category-noticias","tag-blog-com-mais-visualizacoes","tag-blog-de-caruaru","tag-blog-edvaldo-magalhaes","tag-blog-mais-acessado","tag-defesa-civil-vai-monitorar-espaco-aereo-no-pre-carnaval-multicultural-de-caruaru"],"_links":{"self":[{"href":"https:\/\/blogdoedvaldomagalhaes.com.br\/index.php\/wp-json\/wp\/v2\/posts\/116774","targetHints":{"allow":["GET"]}}],"collection":[{"href":"https:\/\/blogdoedvaldomagalhaes.com.br\/index.php\/wp-json\/wp\/v2\/posts"}],"about":[{"href":"https:\/\/blogdoedvaldomagalhaes.com.br\/index.php\/wp-json\/wp\/v2\/types\/post"}],"author":[{"embeddable":true,"href":"https:\/\/blogdoedvaldomagalhaes.com.br\/index.php\/wp-json\/wp\/v2\/users\/1"}],"replies":[{"embeddable":true,"href":"https:\/\/blogdoedvaldomagalhaes.com.br\/index.php\/wp-json\/wp\/v2\/comments?post=116774"}],"version-history":[{"count":1,"href":"https:\/\/blogdoedvaldomagalhaes.com.br\/index.php\/wp-json\/wp\/v2\/posts\/116774\/revisions"}],"predecessor-version":[{"id":116776,"href":"https:\/\/blogdoedvaldomagalhaes.com.br\/index.php\/wp-json\/wp\/v2\/posts\/116774\/revisions\/116776"}],"wp:featuredmedia":[{"embeddable":true,"href":"https:\/\/blogdoedvaldomagalhaes.com.br\/index.php\/wp-json\/wp\/v2\/media\/116775"}],"wp:attachment":[{"href":"https:\/\/blogdoedvaldomagalhaes.com.br\/index.php\/wp-json\/wp\/v2\/media?parent=116774"}],"wp:term":[{"taxonomy":"category","embeddable":true,"href":"https:\/\/blogdoedvaldomagalhaes.com.br\/index.php\/wp-json\/wp\/v2\/categories?post=116774"},{"taxonomy":"post_tag","embeddable":true,"href":"https:\/\/blogdoedvaldomagalhaes.com.br\/index.php\/wp-json\/wp\/v2\/tags?post=116774"}],"curies":[{"name":"wp","href":"https:\/\/api.w.org\/{rel}","templated":true}]}}