{"id":116771,"date":"2025-02-18T08:50:36","date_gmt":"2025-02-18T11:50:36","guid":{"rendered":"https:\/\/blogdoedvaldomagalhaes.com.br\/?p=116771"},"modified":"2025-02-18T08:50:36","modified_gmt":"2025-02-18T11:50:36","slug":"vereador-cabo-cardoso-pede-implantacao-da-unidade-do-ciods-em-caruaru","status":"publish","type":"post","link":"https:\/\/blogdoedvaldomagalhaes.com.br\/index.php\/2025\/02\/18\/vereador-cabo-cardoso-pede-implantacao-da-unidade-do-ciods-em-caruaru\/","title":{"rendered":"Vereador Cabo Cardoso pede implanta\u00e7\u00e3o da unidade do CIODS em Caruaru"},"content":{"rendered":"<p>O vereador Cabo Cardoso solicitou ao governo do estado de Pernambuco atrav\u00e9s de uma indica\u00e7\u00e3o, a implanta\u00e7\u00e3o de uma CENTRAL DE OPERA\u00c7\u00d5ES DE DEFESA SOCIAL-CIODS. Com isso o vereador pede a volta do servi\u00e7o de atendimento a emerg\u00eancias policiais atrav\u00e9s do n\u00famero 190. Sabendo que a mais de 14 anos esse servi\u00e7o deixou de funcionar aqui em Caruaru e quando o cidad\u00e3o de Caruaru e cidades vizinhas precisam da presen\u00e7a da pol\u00edcia militar essa liga\u00e7\u00e3o \u00e9 direcionada para a capital Pernambucana e de l\u00e1 \u00e9 repassada para uma central aqui em Caruaru no 4\u00b0  batalh\u00e3o e isso causa uma demora na chegada da viatura. O parlamentar quer que com a implanta\u00e7\u00e3o da central de r\u00e1dio da pol\u00edcia militar em Caruaru aja uma maior brevidade no atendimento das ocorr\u00eancias pol\u00edcias podendo evitar at\u00e9 crimes de proximidade.<br \/>\nSeja seguidor do Instagram do Blog pelo @blogdoedvaldomagalhaes<br \/>\nFoto: Divulga\u00e7\u00e3o <\/p>\n","protected":false},"excerpt":{"rendered":"<p>O vereador Cabo Cardoso solicitou ao governo do estado de Pernambuco atrav\u00e9s de uma indica\u00e7\u00e3o, a implanta\u00e7\u00e3o de uma CENTRAL&hellip;<\/p>\n","protected":false},"author":1,"featured_media":116772,"comment_status":"closed","ping_status":"open","sticky":false,"template":"","format":"standard","meta":{"footnotes":""},"categories":[14122],"tags":[28803,27410,2,20,32783],"class_list":["post-116771","post","type-post","status-publish","format-standard","has-post-thumbnail","hentry","category-politica","tag-blog-com-mais-visualizacoes","tag-blog-de-caruaru","tag-blog-do-edvaldo-magalhaes","tag-politica","tag-vereador-cabo-cardoso-pede-implantacao-da-unidade-do-ciods-em-caruaru"],"_links":{"self":[{"href":"https:\/\/blogdoedvaldomagalhaes.com.br\/index.php\/wp-json\/wp\/v2\/posts\/116771","targetHints":{"allow":["GET"]}}],"collection":[{"href":"https:\/\/blogdoedvaldomagalhaes.com.br\/index.php\/wp-json\/wp\/v2\/posts"}],"about":[{"href":"https:\/\/blogdoedvaldomagalhaes.com.br\/index.php\/wp-json\/wp\/v2\/types\/post"}],"author":[{"embeddable":true,"href":"https:\/\/blogdoedvaldomagalhaes.com.br\/index.php\/wp-json\/wp\/v2\/users\/1"}],"replies":[{"embeddable":true,"href":"https:\/\/blogdoedvaldomagalhaes.com.br\/index.php\/wp-json\/wp\/v2\/comments?post=116771"}],"version-history":[{"count":1,"href":"https:\/\/blogdoedvaldomagalhaes.com.br\/index.php\/wp-json\/wp\/v2\/posts\/116771\/revisions"}],"predecessor-version":[{"id":116773,"href":"https:\/\/blogdoedvaldomagalhaes.com.br\/index.php\/wp-json\/wp\/v2\/posts\/116771\/revisions\/116773"}],"wp:featuredmedia":[{"embeddable":true,"href":"https:\/\/blogdoedvaldomagalhaes.com.br\/index.php\/wp-json\/wp\/v2\/media\/116772"}],"wp:attachment":[{"href":"https:\/\/blogdoedvaldomagalhaes.com.br\/index.php\/wp-json\/wp\/v2\/media?parent=116771"}],"wp:term":[{"taxonomy":"category","embeddable":true,"href":"https:\/\/blogdoedvaldomagalhaes.com.br\/index.php\/wp-json\/wp\/v2\/categories?post=116771"},{"taxonomy":"post_tag","embeddable":true,"href":"https:\/\/blogdoedvaldomagalhaes.com.br\/index.php\/wp-json\/wp\/v2\/tags?post=116771"}],"curies":[{"name":"wp","href":"https:\/\/api.w.org\/{rel}","templated":true}]}}