{"id":116768,"date":"2025-02-17T21:34:06","date_gmt":"2025-02-18T00:34:06","guid":{"rendered":"https:\/\/blogdoedvaldomagalhaes.com.br\/?p=116768"},"modified":"2025-02-17T21:34:06","modified_gmt":"2025-02-18T00:34:06","slug":"governo-articula-nova-rota-internacional-e-pernambuco-ganha-voo-direto-entre-recife-e-madrid","status":"publish","type":"post","link":"https:\/\/blogdoedvaldomagalhaes.com.br\/index.php\/2025\/02\/17\/governo-articula-nova-rota-internacional-e-pernambuco-ganha-voo-direto-entre-recife-e-madrid\/","title":{"rendered":"Governo articula nova rota internacional e Pernambuco ganha voo direto entre Recife e Madrid"},"content":{"rendered":"<p><span style=\"font-size: revert;\">_Com tr\u00eas voos por semana, nova rota ter\u00e1 inicio em junho, durante o ver\u00e3o europeu, contribuindo para otimizar o turismo e a economia no Estado_<\/span><\/p>\n<p>O Governo do Estado articulou mais nova rota internacional para Pernambuco. O novo voo conecta diretamente o Aeroporto Internacional dos Guararapes-Gilberto Freyre, no Recife, \u00e0 capital da Espanha, Madrid. A parceria com a Azul, que vai operar a rota, foi oficializada nesta segunda-feira (17), no Pal\u00e1cio do Campo das Princesas, pela governadora Raquel Lyra. A nova opera\u00e7\u00e3o ter\u00e1 in\u00edcio em junho, durante o ver\u00e3o europeu, com tr\u00eas voos por semana. Atualmente, Pernambuco tem voos diretos para cinco pa\u00edses: Portugal, Uruguai, Argentina, Chile e Estados Unidos. A Espanha ser\u00e1 o 6\u00b0 pa\u00eds conectado ao Aeroporto dos Guararapes. Ao todo, o Estado contar\u00e1, a partir de julho, com nove rotas internacionais: Buenos Aires, Montevideo, Lisboa, Porto, Orlando, Fort Lauderdale, Assun\u00e7\u00e3o, Santiago e Madrid.<\/p>\n<p>\u201cO hub log\u00edstico de Pernambuco j\u00e1 tem uma condi\u00e7\u00e3o geogr\u00e1fica favorecida, com entrega de voos que permitem que o Brasil se conecte ao mundo. A gente operou voos para o Paraguai, para Orlando (nos Estados Unidos), foi lan\u00e7ado h\u00e1 pouco o voo para a cidade do Porto, em Portugal, e a novidade agora \u00e9 o voo Recife-Madrid. N\u00e3o tenho d\u00favida nenhuma de que ele j\u00e1 nasce sendo um sucesso total, com a demanda que n\u00f3s temos, mas tamb\u00e9m no ponto de vista tur\u00edstico, de opera\u00e7\u00e3o de neg\u00f3cios, para a gente fortalecer a nossa economia. \u00c9 fundamental que a gente tenha essa conex\u00e3o com o mundo\u201d, destacou a governadora Raquel Lyra.<\/p>\n<p>Atualmente, o Aeroporto dos Guararapes opera 46 rotas, sendo um elo fundamental entre o Norte, o Sul e o Nordeste do pa\u00eds, al\u00e9m de destinos internacionais. Somente em 2024, foram realizadas mais de 29 mil decolagens na capital pernambucana, com um total de 3,8 milh\u00f5es de assentos ofertados.<\/p>\n<p>\u201cEssa conex\u00e3o \u00e9 fundamental, pois abre uma outra capital europeia que se liga a Recife, permitindo conex\u00f5es variadas entre a Europa como um todo e o nosso Estado. E isso, naturalmente, acontecer\u00e1 de a gente ter um volume de passageiros, de turistas internacionais crescente vindo a Pernambuco\u201d, afirmou o secret\u00e1rio de Turismo e Lazer, Paulo Nery.<\/p>\n<p>\u201cEssa conquista refor\u00e7a o compromisso da governadora Raquel Lyra na amplia\u00e7\u00e3o da malha a\u00e9rea nacional e internacional. J\u00e1 trabalhamos o mercado espanhol, mas com essa rota direta vamos trabalhar ainda mais para atrair turistas espanh\u00f3is para o nosso Estado e fomentar nosso turismo\u201d, disse o presidente da Empetur, Eduardo Loyo.<\/p>\n<p>De acordo com o gerente s\u00eanior de Rela\u00e7\u00f5es Institucionais da Azul, C\u00e9sar Grandolfo, a escolha do Recife para sediar a rota foi estrat\u00e9gica, considerando que a cidade \u00e9 um dos principais centros de conectividade do Nordeste brasileiro. &#8220;Pernambuco possui grande influ\u00eancia regional e atende a todos os crit\u00e9rios de conectividade necess\u00e1rios para oferecer aos clientes uma nova porta de entrada para a Europa, de forma mais \u00e1gil e eficiente. N\u00f3s temos uma malha robusta aqui no Recife e essa malha s\u00f3 foi poss\u00edvel gra\u00e7as a uma articula\u00e7\u00e3o com a governadora Raquel Lyra e com a Empetur. \u00c9 uma obra de muitas m\u00e3os, que chegou nesse resultado t\u00e3o bom pra todos aqui\u201d, pontuou.<\/p>\n<p>A Azul tamb\u00e9m confirmou a retomada da opera\u00e7\u00e3o sazonal entre Recife e Assun\u00e7\u00e3o, no Paraguai. A rota, que foi operada entre dezembro de 2024 e fevereiro de 2025 com grande sucesso, voltar\u00e1 a partir de 2 de julho deste ano. \u201cO retorno da rota entre Recife e Assun\u00e7\u00e3o reflete nosso compromisso em conectar cada vez mais destinos. Esperamos um aumento no fluxo de visitantes, na circula\u00e7\u00e3o de mercadorias e na gera\u00e7\u00e3o de novas oportunidades de neg\u00f3cios entre Brasil e Paraguai\u201d, destacou Grandolfo.<\/p>\n<p>*PETROLINA -* Na reuni\u00e3o, a governadora Raquel Lyra tamb\u00e9m tratou dos planos para o aumento dos voos para Petrolina, no Sert\u00e3o do S\u00e3o Francisco. \u201cA governadora nos pediu um cuidado especial e n\u00f3s sa\u00edmos daqui com uma li\u00e7\u00e3o de casa para avaliar o mercado e entender o que a Azul consegue fazer para melhorar essa opera\u00e7\u00e3o e, em breve, retornaremos com uma resposta que funcione para todo mundo\u201d, declarou o gerente s\u00eanior de Rela\u00e7\u00f5es Institucionais da Azul.<\/p>\n<p>O encontro tamb\u00e9m contou com a presen\u00e7a de Felipe Zboril, gerente s\u00eanior de Comunica\u00e7\u00e3o da Azul, Isabela Ronco, gerente de Rela\u00e7\u00f5es Internacionais da Azul, e Vitor Silva, gerente geral de Malha, Planejamento Estrat\u00e9gico e Alian\u00e7as da Azul. <span style=\"font-size: revert;\">Foto: Jana\u00edna Pepeu\/Secom.<br \/>\nSeja seguidor do Instagram do Blog pelo @blogdoedvaldomagalhaes<\/span><\/p>\n","protected":false},"excerpt":{"rendered":"<p>_Com tr\u00eas voos por semana, nova rota ter\u00e1 inicio em junho, durante o ver\u00e3o europeu, contribuindo para otimizar o turismo&hellip;<\/p>\n","protected":false},"author":1,"featured_media":116769,"comment_status":"closed","ping_status":"open","sticky":false,"template":"","format":"standard","meta":{"footnotes":""},"categories":[14120],"tags":[2,20,1229],"class_list":["post-116768","post","type-post","status-publish","format-standard","has-post-thumbnail","hentry","category-noticias","tag-blog-do-edvaldo-magalhaes","tag-politica","tag-raquel-lyra"],"_links":{"self":[{"href":"https:\/\/blogdoedvaldomagalhaes.com.br\/index.php\/wp-json\/wp\/v2\/posts\/116768","targetHints":{"allow":["GET"]}}],"collection":[{"href":"https:\/\/blogdoedvaldomagalhaes.com.br\/index.php\/wp-json\/wp\/v2\/posts"}],"about":[{"href":"https:\/\/blogdoedvaldomagalhaes.com.br\/index.php\/wp-json\/wp\/v2\/types\/post"}],"author":[{"embeddable":true,"href":"https:\/\/blogdoedvaldomagalhaes.com.br\/index.php\/wp-json\/wp\/v2\/users\/1"}],"replies":[{"embeddable":true,"href":"https:\/\/blogdoedvaldomagalhaes.com.br\/index.php\/wp-json\/wp\/v2\/comments?post=116768"}],"version-history":[{"count":1,"href":"https:\/\/blogdoedvaldomagalhaes.com.br\/index.php\/wp-json\/wp\/v2\/posts\/116768\/revisions"}],"predecessor-version":[{"id":116770,"href":"https:\/\/blogdoedvaldomagalhaes.com.br\/index.php\/wp-json\/wp\/v2\/posts\/116768\/revisions\/116770"}],"wp:featuredmedia":[{"embeddable":true,"href":"https:\/\/blogdoedvaldomagalhaes.com.br\/index.php\/wp-json\/wp\/v2\/media\/116769"}],"wp:attachment":[{"href":"https:\/\/blogdoedvaldomagalhaes.com.br\/index.php\/wp-json\/wp\/v2\/media?parent=116768"}],"wp:term":[{"taxonomy":"category","embeddable":true,"href":"https:\/\/blogdoedvaldomagalhaes.com.br\/index.php\/wp-json\/wp\/v2\/categories?post=116768"},{"taxonomy":"post_tag","embeddable":true,"href":"https:\/\/blogdoedvaldomagalhaes.com.br\/index.php\/wp-json\/wp\/v2\/tags?post=116768"}],"curies":[{"name":"wp","href":"https:\/\/api.w.org\/{rel}","templated":true}]}}