{"id":116765,"date":"2025-02-17T16:47:04","date_gmt":"2025-02-17T19:47:04","guid":{"rendered":"https:\/\/blogdoedvaldomagalhaes.com.br\/?p=116765"},"modified":"2025-02-17T16:47:04","modified_gmt":"2025-02-17T19:47:04","slug":"audiencia-publica-do-mppe-vai-discutir-preservacao-de-recursos-hidricos-e-florestais-em-caruaru","status":"publish","type":"post","link":"https:\/\/blogdoedvaldomagalhaes.com.br\/index.php\/2025\/02\/17\/audiencia-publica-do-mppe-vai-discutir-preservacao-de-recursos-hidricos-e-florestais-em-caruaru\/","title":{"rendered":"Audi\u00eancia p\u00fablica do MPPE vai discutir preserva\u00e7\u00e3o de recursos h\u00eddricos e florestais em Caruaru"},"content":{"rendered":"<p>O Minist\u00e9rio P\u00fablico de Pernambuco (MPPE), por meio da 3\u00aa Promotoria de Justi\u00e7a de Defesa da Cidadania de Caruaru (3\u00aa PJDC-Caruaru), est\u00e1 convocando a comunidade para participar de audi\u00eancia p\u00fablica que discutir\u00e1 quest\u00f5es relativas \u00e0 explora\u00e7\u00e3o predat\u00f3ria de recursos naturais, relacionadas \u00e0 capta\u00e7\u00e3o e extra\u00e7\u00e3o de \u00e1gua no distrito do Murici, zona rural do munic\u00edpio, e sobre o desmatamento e degrada\u00e7\u00e3o da \u00e1rea de preserva\u00e7\u00e3o do Parque Natural Municipal Professor Jo\u00e3o Vasconcelos Sobrinho. <\/p>\n<p>A audi\u00eancia ocorrer\u00e1 \u00e0s 10h, do pr\u00f3ximo dia 20 de fevereiro de 2025, no audit\u00f3rio da Sede das Promotorias de Justi\u00e7a de Caruaru, localizada na Avenida Jos\u00e9 Flor\u00eancio Filho, s\/n\u00ba, no bairro Maur\u00edcio de Nassau &#8211; Caruaru. <\/p>\n<p>Representantes de \u00f3rg\u00e3os p\u00fablicos, associa\u00e7\u00f5es e entes privados foram convocados, incluindo gestores da Secretaria de Servi\u00e7os P\u00fablicos e Sustentabilidade (Sesp), da Autarquia de Urbanismo e Meio Ambiente de Caruaru (URB), C\u00e2mara de Vereadores, Conselho Municipal de Defesa do Meio Ambiente (Comdema), Associa\u00e7\u00e3o Conhecer e Preservar (Serra dos Cavalos), Ag\u00eancia Pernambucana de \u00c1guas e Clima (Apac), a Ag\u00eancia Estadual de Meio Ambiente e Recursos H\u00eddricos (CPRH), universidades locais e Promotores de Justi\u00e7a que comp\u00f5em a 3\u00aa PJDC-Caruaru.<\/p>\n<p>A audi\u00eancia ser\u00e1 presidida pela titular da 3\u00aa PJDC-Caruaru, Promotora de Justi\u00e7a Jeanne Bezerra Silva Oliveira, que coordenar\u00e1 os debates e encaminhar\u00e1 as quest\u00f5es levantadas pela mesa e pelos demais participantes. No primeiro momento ser\u00e1 facultada a palavra aos componentes da mesa; cada participante ter\u00e1 o m\u00e1ximo de 10 minutos para suas exposi\u00e7\u00f5es. Logo ap\u00f3s ser\u00e1 concedida \u00e0 comunidade presente, dois minutos para a coloca\u00e7\u00e3o de quest\u00f5es, com acr\u00e9scimo de um minuto, caso necess\u00e1rio, com as coloca\u00e7\u00f5es seguindo a ordem de inscri\u00e7\u00f5es.<br \/>\nSiga o Instagram do Blog pelo @blogdoedvaldomagalhaes<br \/>\nFoto: Divulga\u00e7\u00e3o\/MPPE<\/p>\n","protected":false},"excerpt":{"rendered":"<p>O Minist\u00e9rio P\u00fablico de Pernambuco (MPPE), por meio da 3\u00aa Promotoria de Justi\u00e7a de Defesa da Cidadania de Caruaru (3\u00aa&hellip;<\/p>\n","protected":false},"author":1,"featured_media":116766,"comment_status":"closed","ping_status":"open","sticky":false,"template":"","format":"standard","meta":{"footnotes":""},"categories":[14120],"tags":[32781,28803,27410,13146,28801],"class_list":["post-116765","post","type-post","status-publish","format-standard","has-post-thumbnail","hentry","category-noticias","tag-audiencia-publica-do-mppe-vai-discutir-preservacao-de-recursos-hidricos-e-florestais-em-caruaru","tag-blog-com-mais-visualizacoes","tag-blog-de-caruaru","tag-blog-edvaldo-magalhaes","tag-blog-mais-acessado"],"_links":{"self":[{"href":"https:\/\/blogdoedvaldomagalhaes.com.br\/index.php\/wp-json\/wp\/v2\/posts\/116765","targetHints":{"allow":["GET"]}}],"collection":[{"href":"https:\/\/blogdoedvaldomagalhaes.com.br\/index.php\/wp-json\/wp\/v2\/posts"}],"about":[{"href":"https:\/\/blogdoedvaldomagalhaes.com.br\/index.php\/wp-json\/wp\/v2\/types\/post"}],"author":[{"embeddable":true,"href":"https:\/\/blogdoedvaldomagalhaes.com.br\/index.php\/wp-json\/wp\/v2\/users\/1"}],"replies":[{"embeddable":true,"href":"https:\/\/blogdoedvaldomagalhaes.com.br\/index.php\/wp-json\/wp\/v2\/comments?post=116765"}],"version-history":[{"count":1,"href":"https:\/\/blogdoedvaldomagalhaes.com.br\/index.php\/wp-json\/wp\/v2\/posts\/116765\/revisions"}],"predecessor-version":[{"id":116767,"href":"https:\/\/blogdoedvaldomagalhaes.com.br\/index.php\/wp-json\/wp\/v2\/posts\/116765\/revisions\/116767"}],"wp:featuredmedia":[{"embeddable":true,"href":"https:\/\/blogdoedvaldomagalhaes.com.br\/index.php\/wp-json\/wp\/v2\/media\/116766"}],"wp:attachment":[{"href":"https:\/\/blogdoedvaldomagalhaes.com.br\/index.php\/wp-json\/wp\/v2\/media?parent=116765"}],"wp:term":[{"taxonomy":"category","embeddable":true,"href":"https:\/\/blogdoedvaldomagalhaes.com.br\/index.php\/wp-json\/wp\/v2\/categories?post=116765"},{"taxonomy":"post_tag","embeddable":true,"href":"https:\/\/blogdoedvaldomagalhaes.com.br\/index.php\/wp-json\/wp\/v2\/tags?post=116765"}],"curies":[{"name":"wp","href":"https:\/\/api.w.org\/{rel}","templated":true}]}}