{"id":116762,"date":"2025-02-17T16:17:13","date_gmt":"2025-02-17T19:17:13","guid":{"rendered":"https:\/\/blogdoedvaldomagalhaes.com.br\/?p=116762"},"modified":"2025-02-17T16:17:13","modified_gmt":"2025-02-17T19:17:13","slug":"vereador-cabo-cardoso-solicita-reforma-e-duplicacao-da-ponte-irma-jeronima","status":"publish","type":"post","link":"https:\/\/blogdoedvaldomagalhaes.com.br\/index.php\/2025\/02\/17\/vereador-cabo-cardoso-solicita-reforma-e-duplicacao-da-ponte-irma-jeronima\/","title":{"rendered":"Vereador Cabo Cardoso solicita reforma e duplica\u00e7\u00e3o da Ponte Irm\u00e3 Jer\u00f4nima"},"content":{"rendered":"<p>O vereador Cabo Cardoso l\u00edder do governo na C\u00e2mara Municipal, solicitou a reforma e duplica\u00e7\u00e3o da ponte Irm\u00e3 Jer\u00f4nima. O pedido feito pelo parlamentar visa de forma espec\u00edfica uma maior mobilidade e fluidez no tr\u00e2nsito principalmente pra quem se deslocar do centro da cidade sentido bairro Indian\u00f3polis e imedia\u00e7\u00f5es com acesso livre a direita e pra quem se desloca dos bairros Santa Rosa, Vassoural e Indian\u00f3polis e segui para Alto da Balan\u00e7a, Cedro,  Cidade Jardim entre outros bairros pr\u00f3ximos tamb\u00e9m com um acesso livre a direita.<br \/>\nSeja seguidor do Instagram do Blog pelo @blogdoedvaldomagalhaes<br \/>\nFoto: Vladimir Barreto <\/p>\n","protected":false},"excerpt":{"rendered":"<p>O vereador Cabo Cardoso l\u00edder do governo na C\u00e2mara Municipal, solicitou a reforma e duplica\u00e7\u00e3o da ponte Irm\u00e3 Jer\u00f4nima. O&hellip;<\/p>\n","protected":false},"author":1,"featured_media":116763,"comment_status":"closed","ping_status":"open","sticky":false,"template":"","format":"standard","meta":{"footnotes":""},"categories":[14122],"tags":[28803,27410,2,28801,32780,20],"class_list":["post-116762","post","type-post","status-publish","format-standard","has-post-thumbnail","hentry","category-politica","tag-blog-com-mais-visualizacoes","tag-blog-de-caruaru","tag-blog-do-edvaldo-magalhaes","tag-blog-mais-acessado","tag-manchete-vereador-cabo-cardoso-solicita-reforma-e-duplicacao-da-ponte-irma-jeronima","tag-politica"],"_links":{"self":[{"href":"https:\/\/blogdoedvaldomagalhaes.com.br\/index.php\/wp-json\/wp\/v2\/posts\/116762","targetHints":{"allow":["GET"]}}],"collection":[{"href":"https:\/\/blogdoedvaldomagalhaes.com.br\/index.php\/wp-json\/wp\/v2\/posts"}],"about":[{"href":"https:\/\/blogdoedvaldomagalhaes.com.br\/index.php\/wp-json\/wp\/v2\/types\/post"}],"author":[{"embeddable":true,"href":"https:\/\/blogdoedvaldomagalhaes.com.br\/index.php\/wp-json\/wp\/v2\/users\/1"}],"replies":[{"embeddable":true,"href":"https:\/\/blogdoedvaldomagalhaes.com.br\/index.php\/wp-json\/wp\/v2\/comments?post=116762"}],"version-history":[{"count":1,"href":"https:\/\/blogdoedvaldomagalhaes.com.br\/index.php\/wp-json\/wp\/v2\/posts\/116762\/revisions"}],"predecessor-version":[{"id":116764,"href":"https:\/\/blogdoedvaldomagalhaes.com.br\/index.php\/wp-json\/wp\/v2\/posts\/116762\/revisions\/116764"}],"wp:featuredmedia":[{"embeddable":true,"href":"https:\/\/blogdoedvaldomagalhaes.com.br\/index.php\/wp-json\/wp\/v2\/media\/116763"}],"wp:attachment":[{"href":"https:\/\/blogdoedvaldomagalhaes.com.br\/index.php\/wp-json\/wp\/v2\/media?parent=116762"}],"wp:term":[{"taxonomy":"category","embeddable":true,"href":"https:\/\/blogdoedvaldomagalhaes.com.br\/index.php\/wp-json\/wp\/v2\/categories?post=116762"},{"taxonomy":"post_tag","embeddable":true,"href":"https:\/\/blogdoedvaldomagalhaes.com.br\/index.php\/wp-json\/wp\/v2\/tags?post=116762"}],"curies":[{"name":"wp","href":"https:\/\/api.w.org\/{rel}","templated":true}]}}