{"id":116648,"date":"2025-02-13T09:44:40","date_gmt":"2025-02-13T12:44:40","guid":{"rendered":"https:\/\/blogdoedvaldomagalhaes.com.br\/?p=116648"},"modified":"2025-02-13T09:44:40","modified_gmt":"2025-02-13T12:44:40","slug":"arraia-de-seu-moura-no-espaco-multicultural-em-caruaru","status":"publish","type":"post","link":"https:\/\/blogdoedvaldomagalhaes.com.br\/index.php\/2025\/02\/13\/arraia-de-seu-moura-no-espaco-multicultural-em-caruaru\/","title":{"rendered":"\u201cArrai\u00e1 de Seu Moura\u201d, no Espa\u00e7o Multicultural, em Caruaru"},"content":{"rendered":"<p>A Secretaria de Educa\u00e7\u00e3o e Esportes e da Funda\u00e7\u00e3o de Cultura, em parceria com o Minist\u00e9rio da Cultura, realiza, de hoje at\u00e9 a pr\u00f3xima sexta-feira (14), o \u201cArrai\u00e1 de Seu Moura\u201d, no Espa\u00e7o Multicultural, no Alto do Moura.<\/p>\n<p>O projeto oferece oficinas gratuitas para os alunos da rede municipal de ensino, com destaque para a gastronomia junina tradicional e regional, com oficinas tamb\u00e9m abertas \u00e0s m\u00e3es dos alunos. Artesanato em barro, valorizando a cultura local e os artistas regionais. Dan\u00e7a, promovendo a cultura e a tradi\u00e7\u00e3o junina entre os estudantes. <\/p>\n<p>O \u201cArrai\u00e1 de Seu Moura\u201d busca fomentar o crescimento econ\u00f4mico e tur\u00edstico do Alto do Moura, criando oportunidades de emprego, elevando a renda e a qualidade de vida da comunidade por meio da infraestrutura e a\u00e7\u00f5es culturais e educacionais. O projeto n\u00e3o s\u00f3 fortalece a identidade cultural do Alto do Moura, como tamb\u00e9m dinamiza a economia local e cria novas oportunidades para a nossa popula\u00e7\u00e3o.<\/p>\n<p>\u201cEste projeto \u00e9 muito mais do que um evento cultural, ele simboliza um compromisso com o futuro das nossas crian\u00e7as e da nossa comunidade. Atrav\u00e9s das oficinas de gastronomia, artesanato e dan\u00e7a, estamos n\u00e3o apenas preservando as tradi\u00e7\u00f5es locais, mas tamb\u00e9m plantando as sementes do conhecimento e da autoestima em nossos alunos. Al\u00e9m disso, com a inclus\u00e3o das m\u00e3es nas oficinas de gastronomia, refor\u00e7amos a import\u00e2ncia da integra\u00e7\u00e3o familiar no aprendizado e no desenvolvimento social\u201d, afirmou o secret\u00e1rio de Educa\u00e7\u00e3o e Esportes, Kaio Cola\u00e7o.<br \/>\nSeja seguidor do Instagram do Blog pelo @blogdoedvaldomagalhaes<br \/>\nFoto: Elvis Edson<\/p>\n","protected":false},"excerpt":{"rendered":"<p>A Secretaria de Educa\u00e7\u00e3o e Esportes e da Funda\u00e7\u00e3o de Cultura, em parceria com o Minist\u00e9rio da Cultura, realiza, de&hellip;<\/p>\n","protected":false},"author":1,"featured_media":116649,"comment_status":"closed","ping_status":"open","sticky":false,"template":"","format":"standard","meta":{"footnotes":""},"categories":[14120],"tags":[32746,29440,27410,13146,28801],"class_list":["post-116648","post","type-post","status-publish","format-standard","has-post-thumbnail","hentry","category-noticias","tag-arraia-de-seu-moura-no-espaco-multicultural","tag-blog-com-mais-visualizacao","tag-blog-de-caruaru","tag-blog-edvaldo-magalhaes","tag-blog-mais-acessado"],"_links":{"self":[{"href":"https:\/\/blogdoedvaldomagalhaes.com.br\/index.php\/wp-json\/wp\/v2\/posts\/116648","targetHints":{"allow":["GET"]}}],"collection":[{"href":"https:\/\/blogdoedvaldomagalhaes.com.br\/index.php\/wp-json\/wp\/v2\/posts"}],"about":[{"href":"https:\/\/blogdoedvaldomagalhaes.com.br\/index.php\/wp-json\/wp\/v2\/types\/post"}],"author":[{"embeddable":true,"href":"https:\/\/blogdoedvaldomagalhaes.com.br\/index.php\/wp-json\/wp\/v2\/users\/1"}],"replies":[{"embeddable":true,"href":"https:\/\/blogdoedvaldomagalhaes.com.br\/index.php\/wp-json\/wp\/v2\/comments?post=116648"}],"version-history":[{"count":1,"href":"https:\/\/blogdoedvaldomagalhaes.com.br\/index.php\/wp-json\/wp\/v2\/posts\/116648\/revisions"}],"predecessor-version":[{"id":116650,"href":"https:\/\/blogdoedvaldomagalhaes.com.br\/index.php\/wp-json\/wp\/v2\/posts\/116648\/revisions\/116650"}],"wp:featuredmedia":[{"embeddable":true,"href":"https:\/\/blogdoedvaldomagalhaes.com.br\/index.php\/wp-json\/wp\/v2\/media\/116649"}],"wp:attachment":[{"href":"https:\/\/blogdoedvaldomagalhaes.com.br\/index.php\/wp-json\/wp\/v2\/media?parent=116648"}],"wp:term":[{"taxonomy":"category","embeddable":true,"href":"https:\/\/blogdoedvaldomagalhaes.com.br\/index.php\/wp-json\/wp\/v2\/categories?post=116648"},{"taxonomy":"post_tag","embeddable":true,"href":"https:\/\/blogdoedvaldomagalhaes.com.br\/index.php\/wp-json\/wp\/v2\/tags?post=116648"}],"curies":[{"name":"wp","href":"https:\/\/api.w.org\/{rel}","templated":true}]}}