{"id":116645,"date":"2025-02-13T09:37:18","date_gmt":"2025-02-13T12:37:18","guid":{"rendered":"https:\/\/blogdoedvaldomagalhaes.com.br\/?p=116645"},"modified":"2025-02-13T09:37:18","modified_gmt":"2025-02-13T12:37:18","slug":"juntos-pela-educacao-estado-nomeia-99-novos-analistas-e-assistentes-educacionais","status":"publish","type":"post","link":"https:\/\/blogdoedvaldomagalhaes.com.br\/index.php\/2025\/02\/13\/juntos-pela-educacao-estado-nomeia-99-novos-analistas-e-assistentes-educacionais\/","title":{"rendered":"Juntos pela Educa\u00e7\u00e3o: Estado nomeia 99 novos analistas e assistentes educacionais"},"content":{"rendered":"<p>_Desde 2023, gest\u00e3o estadual nomeou 1.025 analistas e 593 assistentes; mais de 9 mil professores da educa\u00e7\u00e3o b\u00e1sica j\u00e1 foram convocados nesse per\u00edodo_<\/p>\n<p>O Governo do Estado refor\u00e7ou a educa\u00e7\u00e3o de Pernambuco com a nomea\u00e7\u00e3o de 99 profissionais para a \u00e1rea, entre analistas em gest\u00e3o educacional e assistentes administrativos educacional. As nomea\u00e7\u00f5es foram publicadas no Di\u00e1rio Oficial do Estado desta quinta-feira (13). De 2023 at\u00e9 hoje, a gest\u00e3o estadual j\u00e1 convocou 1.025 analistas e 593 assistentes. Al\u00e9m disso, mais de 9 mil professores da educa\u00e7\u00e3o b\u00e1sica foram nomeados nos \u00faltimos dois anos.<\/p>\n<p>&#8220;Realizamos a maior nomea\u00e7\u00e3o da hist\u00f3ria da rede educacional de Pernambuco, convocando profissionais bastante qualificados. Quero dizer aos novos servidores que sejam bem-vindos. Contamos com voc\u00eas para elevar, ainda mais, a qualidade do ensino no Estado. O Juntos pela Educa\u00e7\u00e3o, que abrange um investimento de R$ 5,5 bilh\u00f5es no setor, n\u00e3o tem esse nome \u00e0 toa. Trabalhamos em parceria e em sintonia com toda a comunidade escolar para fazer da educa\u00e7\u00e3o de Pernambuco uma das melhores do Brasil&#8221;, afirmou a governadora Raquel Lyra.<\/p>\n<p>O concurso que determinava o chamamento previa no edital 500 analistas e 96 assistentes, mas a gest\u00e3o estadual foi al\u00e9m. A nomea\u00e7\u00e3o desta quinta-feira \u00e9 a segunda realizada em fevereiro, pois no \u00faltimo dia 8 foram convocados 60 analistas e sete assistentes.<\/p>\n<p>\u201cOs novos profissionais chegam para refor\u00e7ar os setores administrativos das nossas escolas e fortalecer a rede estadual de ensino de Pernambuco. Esta nomea\u00e7\u00e3o, a segunda somente no m\u00eas de fevereiro, reafirma o compromisso assumido pela gest\u00e3o da governadora Raquel Lyra em garantir o acesso a uma educa\u00e7\u00e3o de qualidade para todos os pernambucanos\u201d, declarou o secret\u00e1rio de Educa\u00e7\u00e3o, Gilson Monteiro.<\/p>\n<p>PE + Digital &#8211; Os analistas e assistentes ser\u00e3o beneficiados nas pr\u00f3ximas rodadas do PE + Digital com a entrega de notebooks. A iniciativa busca desenvolver as compet\u00eancias digitais dos servidores da Secretaria de Educa\u00e7\u00e3o de Pernambuco, aprimorando o planejamento das atividades pedag\u00f3gicas. Os primeiros notebooks do programa foram entregues no final de janeiro, em Petrolina, no Sert\u00e3o do S\u00e3o Francisco. No total, cerca de 13 mil servidores efetivos, entre professores, analistas e assistentes ser\u00e3o contemplados com os equipamentos. O investimento no PE + Digital \u00e9 de R$ 44 milh\u00f5es.<br \/>\nSiga o Instagram do Blog pelo @blogdoedvaldomagalhaes<br \/>\nFoto: Janaina Pepeu\/Secom<\/p>\n","protected":false},"excerpt":{"rendered":"<p>_Desde 2023, gest\u00e3o estadual nomeou 1.025 analistas e 593 assistentes; mais de 9 mil professores da educa\u00e7\u00e3o b\u00e1sica j\u00e1 foram&hellip;<\/p>\n","protected":false},"author":1,"featured_media":116646,"comment_status":"closed","ping_status":"open","sticky":false,"template":"","format":"standard","meta":{"footnotes":""},"categories":[14120],"tags":[30253,28803,2,28801,32743,1229],"class_list":["post-116645","post","type-post","status-publish","format-standard","has-post-thumbnail","hentry","category-noticias","tag-blog-caruaru","tag-blog-com-mais-visualizacoes","tag-blog-do-edvaldo-magalhaes","tag-blog-mais-acessado","tag-juntos-pela-educacao-estado-nomeia-99-novos-analistas-e-assistentes-educacionais","tag-raquel-lyra"],"_links":{"self":[{"href":"https:\/\/blogdoedvaldomagalhaes.com.br\/index.php\/wp-json\/wp\/v2\/posts\/116645","targetHints":{"allow":["GET"]}}],"collection":[{"href":"https:\/\/blogdoedvaldomagalhaes.com.br\/index.php\/wp-json\/wp\/v2\/posts"}],"about":[{"href":"https:\/\/blogdoedvaldomagalhaes.com.br\/index.php\/wp-json\/wp\/v2\/types\/post"}],"author":[{"embeddable":true,"href":"https:\/\/blogdoedvaldomagalhaes.com.br\/index.php\/wp-json\/wp\/v2\/users\/1"}],"replies":[{"embeddable":true,"href":"https:\/\/blogdoedvaldomagalhaes.com.br\/index.php\/wp-json\/wp\/v2\/comments?post=116645"}],"version-history":[{"count":1,"href":"https:\/\/blogdoedvaldomagalhaes.com.br\/index.php\/wp-json\/wp\/v2\/posts\/116645\/revisions"}],"predecessor-version":[{"id":116647,"href":"https:\/\/blogdoedvaldomagalhaes.com.br\/index.php\/wp-json\/wp\/v2\/posts\/116645\/revisions\/116647"}],"wp:featuredmedia":[{"embeddable":true,"href":"https:\/\/blogdoedvaldomagalhaes.com.br\/index.php\/wp-json\/wp\/v2\/media\/116646"}],"wp:attachment":[{"href":"https:\/\/blogdoedvaldomagalhaes.com.br\/index.php\/wp-json\/wp\/v2\/media?parent=116645"}],"wp:term":[{"taxonomy":"category","embeddable":true,"href":"https:\/\/blogdoedvaldomagalhaes.com.br\/index.php\/wp-json\/wp\/v2\/categories?post=116645"},{"taxonomy":"post_tag","embeddable":true,"href":"https:\/\/blogdoedvaldomagalhaes.com.br\/index.php\/wp-json\/wp\/v2\/tags?post=116645"}],"curies":[{"name":"wp","href":"https:\/\/api.w.org\/{rel}","templated":true}]}}