{"id":116642,"date":"2025-02-13T09:22:00","date_gmt":"2025-02-13T12:22:00","guid":{"rendered":"https:\/\/blogdoedvaldomagalhaes.com.br\/?p=116642"},"modified":"2025-02-13T09:22:00","modified_gmt":"2025-02-13T12:22:00","slug":"bloquinho-do-vereador-edmilson-do-salgado-chega-a-14a-edicao-com-grande-expectativa","status":"publish","type":"post","link":"https:\/\/blogdoedvaldomagalhaes.com.br\/index.php\/2025\/02\/13\/bloquinho-do-vereador-edmilson-do-salgado-chega-a-14a-edicao-com-grande-expectativa\/","title":{"rendered":"Bloquinho do vereador Edmilson do Salgado chega \u00e0 14\u00aa edi\u00e7\u00e3o com grande expectativa"},"content":{"rendered":"<p>O tradicional bloco Edmilson do Salgado est\u00e1 prestes a celebrar sua 14\u00aa edi\u00e7\u00e3o, trazendo mais uma vez alegria e descontra\u00e7\u00e3o para os foli\u00f5es de todas as idades. O evento, que j\u00e1 se consolidou como uma das maiores pr\u00e9vias do carnaval de Caruaru, acontece no pr\u00f3ximo dia 23 de fevereiro, um domingo, e promete agitar a cidade com muita m\u00fasica, trio el\u00e9trico, fantasias e anima\u00e7\u00e3o.<\/p>\n<p>A concentra\u00e7\u00e3o do bloco come\u00e7a a partir das 12h, em frente \u00e0 casa do vereador, localizada na Rua Santa Luzia, n\u00ba 319. A partir da\u00ed, os participantes seguir\u00e3o juntos em um percurso at\u00e9 a academia das cidades, no S\u00e3o Jo\u00e3o da Esc\u00f3cia.<\/p>\n<p>A edi\u00e7\u00e3o deste ano traz novidades, como o refor\u00e7o na estrutura de som e seguran\u00e7a, al\u00e9m de atra\u00e7\u00f5es especiais para garantir a anima\u00e7\u00e3o durante todo o trajeto. O bloco se consolidou como um evento de rua, que resgata tanto as ra\u00edzes do carnaval tradicional, como a modernidade para a juventude, fortalecendo o v\u00ednculo entre os participantes e a comunidade local.<\/p>\n<p>A expectativa \u00e9 de que, como nos anos anteriores, o evento seja um grande sucesso, com uma participa\u00e7\u00e3o massiva de moradores.<br \/>\nSeja seguidor do Instagram do Blog pelo @blogdoedvaldomagalhaes<\/p>\n","protected":false},"excerpt":{"rendered":"<p>O tradicional bloco Edmilson do Salgado est\u00e1 prestes a celebrar sua 14\u00aa edi\u00e7\u00e3o, trazendo mais uma vez alegria e descontra\u00e7\u00e3o&hellip;<\/p>\n","protected":false},"author":1,"featured_media":116643,"comment_status":"closed","ping_status":"open","sticky":false,"template":"","format":"standard","meta":{"footnotes":""},"categories":[14120],"tags":[30592,27410,2,28801,32742,14227],"class_list":["post-116642","post","type-post","status-publish","format-standard","has-post-thumbnail","hentry","category-noticias","tag-blog-com-mais-seguidores","tag-blog-de-caruaru","tag-blog-do-edvaldo-magalhaes","tag-blog-mais-acessado","tag-bloquinho-do-vereador-edmilson-do-salgado-chega-a-14a-edicao-com-grande-expectativa","tag-carnaval"],"_links":{"self":[{"href":"https:\/\/blogdoedvaldomagalhaes.com.br\/index.php\/wp-json\/wp\/v2\/posts\/116642","targetHints":{"allow":["GET"]}}],"collection":[{"href":"https:\/\/blogdoedvaldomagalhaes.com.br\/index.php\/wp-json\/wp\/v2\/posts"}],"about":[{"href":"https:\/\/blogdoedvaldomagalhaes.com.br\/index.php\/wp-json\/wp\/v2\/types\/post"}],"author":[{"embeddable":true,"href":"https:\/\/blogdoedvaldomagalhaes.com.br\/index.php\/wp-json\/wp\/v2\/users\/1"}],"replies":[{"embeddable":true,"href":"https:\/\/blogdoedvaldomagalhaes.com.br\/index.php\/wp-json\/wp\/v2\/comments?post=116642"}],"version-history":[{"count":1,"href":"https:\/\/blogdoedvaldomagalhaes.com.br\/index.php\/wp-json\/wp\/v2\/posts\/116642\/revisions"}],"predecessor-version":[{"id":116644,"href":"https:\/\/blogdoedvaldomagalhaes.com.br\/index.php\/wp-json\/wp\/v2\/posts\/116642\/revisions\/116644"}],"wp:featuredmedia":[{"embeddable":true,"href":"https:\/\/blogdoedvaldomagalhaes.com.br\/index.php\/wp-json\/wp\/v2\/media\/116643"}],"wp:attachment":[{"href":"https:\/\/blogdoedvaldomagalhaes.com.br\/index.php\/wp-json\/wp\/v2\/media?parent=116642"}],"wp:term":[{"taxonomy":"category","embeddable":true,"href":"https:\/\/blogdoedvaldomagalhaes.com.br\/index.php\/wp-json\/wp\/v2\/categories?post=116642"},{"taxonomy":"post_tag","embeddable":true,"href":"https:\/\/blogdoedvaldomagalhaes.com.br\/index.php\/wp-json\/wp\/v2\/tags?post=116642"}],"curies":[{"name":"wp","href":"https:\/\/api.w.org\/{rel}","templated":true}]}}