{"id":116639,"date":"2025-02-13T08:45:10","date_gmt":"2025-02-13T11:45:10","guid":{"rendered":"https:\/\/blogdoedvaldomagalhaes.com.br\/?p=116639"},"modified":"2025-02-13T08:45:10","modified_gmt":"2025-02-13T11:45:10","slug":"dupla-e-presa-com-produtos-furtados","status":"publish","type":"post","link":"https:\/\/blogdoedvaldomagalhaes.com.br\/index.php\/2025\/02\/13\/dupla-e-presa-com-produtos-furtados\/","title":{"rendered":"Dupla \u00e9 presa com  produtos furtados"},"content":{"rendered":"<p>Dois homens foram presos por furto, no in\u00edcio da madrugada desta quinta-feira (13\/02), na Rua Euclides da Cunha, bairro de Santo Agostinho, em Santa Cruz do Capibaribe. Policiais militares do 24\u00ba BPM receberam informa\u00e7\u00f5es sobre um poss\u00edvel com\u00e9rcio de produtos roubados, fizeram a checagem e confirmaram a den\u00fancia.<\/p>\n<p>Na resid\u00eancia foram recuperados dez celulares, seis televisores e uma lixadeira, sem documenta\u00e7\u00e3o, al\u00e9m de R$ 2.028,00 em esp\u00e9cie. Ainda havia no local uma pequena por\u00e7\u00e3o de maconha e res\u00edduos de coca\u00edna.<\/p>\n<p>Os suspeitos foram apresentados na Delegacia de Pol\u00edcia Civil da cidade, onde um propriet\u00e1rio reconheceu duas televis\u00f5es como sendo suas, que teriam sido furtadas horas antes. A pris\u00e3o em flagrante da dupla foi formalizada. Foto: Divulga\u00e7\u00e3o<br \/>\nSiga o Instagram do Blog pelo @blogdoedvaldomagalhaes<\/p>\n","protected":false},"excerpt":{"rendered":"<p>Dois homens foram presos por furto, no in\u00edcio da madrugada desta quinta-feira (13\/02), na Rua Euclides da Cunha, bairro de&hellip;<\/p>\n","protected":false},"author":1,"featured_media":116640,"comment_status":"closed","ping_status":"open","sticky":false,"template":"","format":"standard","meta":{"footnotes":""},"categories":[14121],"tags":[29440,27410,13146,28801,32741],"class_list":["post-116639","post","type-post","status-publish","format-standard","has-post-thumbnail","hentry","category-policial","tag-blog-com-mais-visualizacao","tag-blog-de-caruaru","tag-blog-edvaldo-magalhaes","tag-blog-mais-acessado","tag-dupla-e-presa-com-produtos-furtados"],"_links":{"self":[{"href":"https:\/\/blogdoedvaldomagalhaes.com.br\/index.php\/wp-json\/wp\/v2\/posts\/116639","targetHints":{"allow":["GET"]}}],"collection":[{"href":"https:\/\/blogdoedvaldomagalhaes.com.br\/index.php\/wp-json\/wp\/v2\/posts"}],"about":[{"href":"https:\/\/blogdoedvaldomagalhaes.com.br\/index.php\/wp-json\/wp\/v2\/types\/post"}],"author":[{"embeddable":true,"href":"https:\/\/blogdoedvaldomagalhaes.com.br\/index.php\/wp-json\/wp\/v2\/users\/1"}],"replies":[{"embeddable":true,"href":"https:\/\/blogdoedvaldomagalhaes.com.br\/index.php\/wp-json\/wp\/v2\/comments?post=116639"}],"version-history":[{"count":1,"href":"https:\/\/blogdoedvaldomagalhaes.com.br\/index.php\/wp-json\/wp\/v2\/posts\/116639\/revisions"}],"predecessor-version":[{"id":116641,"href":"https:\/\/blogdoedvaldomagalhaes.com.br\/index.php\/wp-json\/wp\/v2\/posts\/116639\/revisions\/116641"}],"wp:featuredmedia":[{"embeddable":true,"href":"https:\/\/blogdoedvaldomagalhaes.com.br\/index.php\/wp-json\/wp\/v2\/media\/116640"}],"wp:attachment":[{"href":"https:\/\/blogdoedvaldomagalhaes.com.br\/index.php\/wp-json\/wp\/v2\/media?parent=116639"}],"wp:term":[{"taxonomy":"category","embeddable":true,"href":"https:\/\/blogdoedvaldomagalhaes.com.br\/index.php\/wp-json\/wp\/v2\/categories?post=116639"},{"taxonomy":"post_tag","embeddable":true,"href":"https:\/\/blogdoedvaldomagalhaes.com.br\/index.php\/wp-json\/wp\/v2\/tags?post=116639"}],"curies":[{"name":"wp","href":"https:\/\/api.w.org\/{rel}","templated":true}]}}