{"id":116636,"date":"2025-02-13T08:40:33","date_gmt":"2025-02-13T11:40:33","guid":{"rendered":"https:\/\/blogdoedvaldomagalhaes.com.br\/?p=116636"},"modified":"2025-02-13T08:40:33","modified_gmt":"2025-02-13T11:40:33","slug":"pm-debela-ponto-de-venda-de-drogas","status":"publish","type":"post","link":"https:\/\/blogdoedvaldomagalhaes.com.br\/index.php\/2025\/02\/13\/pm-debela-ponto-de-venda-de-drogas\/","title":{"rendered":"PM debela ponto de venda de drogas"},"content":{"rendered":"<p>Policiais militares do 10\u00ba BPM prenderam, na quarta-feira (12\/02), um homem por tr\u00e1fico de drogas, em Catende, na Zona da Mata Sul do Estado. O efetivo levantou que estaria havendo com\u00e9rcio de entorpecentes na PE-120,  foi ao local e encontrou o suspeito.<\/p>\n<p>Com ele, havia 180 big bigs de maconha e trinta pedras de crack. Diante dos fatos, o envolvido foi apresentado na Delegacia de Policia Civil da cidade, para ado\u00e7\u00e3o das medidas legais cab\u00edveis.<br \/>\nSeja seguidor do Instagram do Blog pelo @blogdoedvaldomagalhaes<br \/>\nFoto: Divulga\u00e7\u00e3o\/PMPE <\/p>\n","protected":false},"excerpt":{"rendered":"<p>Policiais militares do 10\u00ba BPM prenderam, na quarta-feira (12\/02), um homem por tr\u00e1fico de drogas, em Catende, na Zona da&hellip;<\/p>\n","protected":false},"author":1,"featured_media":116637,"comment_status":"closed","ping_status":"open","sticky":false,"template":"","format":"standard","meta":{"footnotes":""},"categories":[14121],"tags":[28803,27410,13146,28801,32740],"class_list":["post-116636","post","type-post","status-publish","format-standard","has-post-thumbnail","hentry","category-policial","tag-blog-com-mais-visualizacoes","tag-blog-de-caruaru","tag-blog-edvaldo-magalhaes","tag-blog-mais-acessado","tag-pm-debela-ponto-de-venda-de-drogas"],"_links":{"self":[{"href":"https:\/\/blogdoedvaldomagalhaes.com.br\/index.php\/wp-json\/wp\/v2\/posts\/116636","targetHints":{"allow":["GET"]}}],"collection":[{"href":"https:\/\/blogdoedvaldomagalhaes.com.br\/index.php\/wp-json\/wp\/v2\/posts"}],"about":[{"href":"https:\/\/blogdoedvaldomagalhaes.com.br\/index.php\/wp-json\/wp\/v2\/types\/post"}],"author":[{"embeddable":true,"href":"https:\/\/blogdoedvaldomagalhaes.com.br\/index.php\/wp-json\/wp\/v2\/users\/1"}],"replies":[{"embeddable":true,"href":"https:\/\/blogdoedvaldomagalhaes.com.br\/index.php\/wp-json\/wp\/v2\/comments?post=116636"}],"version-history":[{"count":1,"href":"https:\/\/blogdoedvaldomagalhaes.com.br\/index.php\/wp-json\/wp\/v2\/posts\/116636\/revisions"}],"predecessor-version":[{"id":116638,"href":"https:\/\/blogdoedvaldomagalhaes.com.br\/index.php\/wp-json\/wp\/v2\/posts\/116636\/revisions\/116638"}],"wp:featuredmedia":[{"embeddable":true,"href":"https:\/\/blogdoedvaldomagalhaes.com.br\/index.php\/wp-json\/wp\/v2\/media\/116637"}],"wp:attachment":[{"href":"https:\/\/blogdoedvaldomagalhaes.com.br\/index.php\/wp-json\/wp\/v2\/media?parent=116636"}],"wp:term":[{"taxonomy":"category","embeddable":true,"href":"https:\/\/blogdoedvaldomagalhaes.com.br\/index.php\/wp-json\/wp\/v2\/categories?post=116636"},{"taxonomy":"post_tag","embeddable":true,"href":"https:\/\/blogdoedvaldomagalhaes.com.br\/index.php\/wp-json\/wp\/v2\/tags?post=116636"}],"curies":[{"name":"wp","href":"https:\/\/api.w.org\/{rel}","templated":true}]}}