{"id":116633,"date":"2025-02-12T20:23:07","date_gmt":"2025-02-12T23:23:07","guid":{"rendered":"https:\/\/blogdoedvaldomagalhaes.com.br\/?p=116633"},"modified":"2025-02-12T20:23:07","modified_gmt":"2025-02-12T23:23:07","slug":"rodrigo-pinheiro-inaugura-gabinete-avancado-da-prefeitura-de-caruaru-em-brasilia","status":"publish","type":"post","link":"https:\/\/blogdoedvaldomagalhaes.com.br\/index.php\/2025\/02\/12\/rodrigo-pinheiro-inaugura-gabinete-avancado-da-prefeitura-de-caruaru-em-brasilia\/","title":{"rendered":"Rodrigo Pinheiro inaugura Gabinete Avan\u00e7ado da Prefeitura de Caruaru em Bras\u00edlia"},"content":{"rendered":"<p>O prefeito de Caruaru, Rodrigo Pinheiro, inaugurou, na tarde desta quarta-feira (12), o Gabinete Avan\u00e7ado da gest\u00e3o municipal em Bras\u00edlia. O espa\u00e7o servir\u00e1 como um ponto de apoio estrat\u00e9gico para fortalecer o di\u00e1logo com o Governo Federal e garantir mais investimentos para a cidade.<\/p>\n<p>Durante a inaugura\u00e7\u00e3o, Rodrigo Pinheiro e sua equipe receberam convidados para um caf\u00e9, entre eles o deputado federal Fernando Monteiro, o superintendente da Caixa em Caruaru, Marco Aur\u00e9lio, o prefeito de Camocim de S\u00e3o F\u00e9lix, Sostenes Rubano, al\u00e9m de secret\u00e1rios municipais. A presen\u00e7a de lideran\u00e7as pol\u00edticas e institucionais refor\u00e7a a import\u00e2ncia da iniciativa para ampliar parcerias e agilizar demandas diretamente na capital federal.<\/p>\n<p>Com o novo Gabinete Avan\u00e7ado, a Prefeitura de Caruaru busca estreitar os la\u00e7os institucionais e facilitar a capta\u00e7\u00e3o de recursos para projetos estruturantes. A presen\u00e7a da gest\u00e3o municipal em Bras\u00edlia deve contribuir para a viabiliza\u00e7\u00e3o de novas obras e melhorias em diversas \u00e1reas, beneficiando diretamente a popula\u00e7\u00e3o caruaruense.<br \/>\nSiga o Instagram do Blog pelo @blogdoedvaldomagalhaes<br \/>\nFoto: Divulga\u00e7\u00e3o\/Secom\/PMC<\/p>\n","protected":false},"excerpt":{"rendered":"<p>O prefeito de Caruaru, Rodrigo Pinheiro, inaugurou, na tarde desta quarta-feira (12), o Gabinete Avan\u00e7ado da gest\u00e3o municipal em Bras\u00edlia.&hellip;<\/p>\n","protected":false},"author":1,"featured_media":116634,"comment_status":"closed","ping_status":"open","sticky":false,"template":"","format":"standard","meta":{"footnotes":""},"categories":[14120],"tags":[28803,27410,13146,28801,20,32739],"class_list":["post-116633","post","type-post","status-publish","format-standard","has-post-thumbnail","hentry","category-noticias","tag-blog-com-mais-visualizacoes","tag-blog-de-caruaru","tag-blog-edvaldo-magalhaes","tag-blog-mais-acessado","tag-politica","tag-rodrigo-pinheiro-inaugura-gabinete-avancado-da-prefeitura-de-caruaru-em-brasilia"],"_links":{"self":[{"href":"https:\/\/blogdoedvaldomagalhaes.com.br\/index.php\/wp-json\/wp\/v2\/posts\/116633","targetHints":{"allow":["GET"]}}],"collection":[{"href":"https:\/\/blogdoedvaldomagalhaes.com.br\/index.php\/wp-json\/wp\/v2\/posts"}],"about":[{"href":"https:\/\/blogdoedvaldomagalhaes.com.br\/index.php\/wp-json\/wp\/v2\/types\/post"}],"author":[{"embeddable":true,"href":"https:\/\/blogdoedvaldomagalhaes.com.br\/index.php\/wp-json\/wp\/v2\/users\/1"}],"replies":[{"embeddable":true,"href":"https:\/\/blogdoedvaldomagalhaes.com.br\/index.php\/wp-json\/wp\/v2\/comments?post=116633"}],"version-history":[{"count":1,"href":"https:\/\/blogdoedvaldomagalhaes.com.br\/index.php\/wp-json\/wp\/v2\/posts\/116633\/revisions"}],"predecessor-version":[{"id":116635,"href":"https:\/\/blogdoedvaldomagalhaes.com.br\/index.php\/wp-json\/wp\/v2\/posts\/116633\/revisions\/116635"}],"wp:featuredmedia":[{"embeddable":true,"href":"https:\/\/blogdoedvaldomagalhaes.com.br\/index.php\/wp-json\/wp\/v2\/media\/116634"}],"wp:attachment":[{"href":"https:\/\/blogdoedvaldomagalhaes.com.br\/index.php\/wp-json\/wp\/v2\/media?parent=116633"}],"wp:term":[{"taxonomy":"category","embeddable":true,"href":"https:\/\/blogdoedvaldomagalhaes.com.br\/index.php\/wp-json\/wp\/v2\/categories?post=116633"},{"taxonomy":"post_tag","embeddable":true,"href":"https:\/\/blogdoedvaldomagalhaes.com.br\/index.php\/wp-json\/wp\/v2\/tags?post=116633"}],"curies":[{"name":"wp","href":"https:\/\/api.w.org\/{rel}","templated":true}]}}