{"id":116597,"date":"2025-02-11T14:09:28","date_gmt":"2025-02-11T17:09:28","guid":{"rendered":"https:\/\/blogdoedvaldomagalhaes.com.br\/?p=116597"},"modified":"2025-02-11T14:09:28","modified_gmt":"2025-02-11T17:09:28","slug":"vereador-jorge-quintino-propoe-criacao-do-portal-tea-para-fortalecer-apoio-a-autistas-e-suas-familias-em-caruaru","status":"publish","type":"post","link":"https:\/\/blogdoedvaldomagalhaes.com.br\/index.php\/2025\/02\/11\/vereador-jorge-quintino-propoe-criacao-do-portal-tea-para-fortalecer-apoio-a-autistas-e-suas-familias-em-caruaru\/","title":{"rendered":"Vereador Jorge Quintino prop\u00f5e cria\u00e7\u00e3o do \u201cPortal TEA\u201d para fortalecer apoio a autistas e suas fam\u00edlias em Caruaru"},"content":{"rendered":"<p>O vereador Jorge Quintino apresentou um Anteprojeto de Lei propondo a cria\u00e7\u00e3o do Portal TEA, uma plataforma digital para centralizar informa\u00e7\u00f5es e fortalecer a rede de apoio \u00e0s pessoas com Transtorno do Espectro Autista (TEA) em Caruaru.<\/p>\n<p>Encaminhada ao prefeito Rodrigo Pinheiro, a proposta busca facilitar o acesso a direitos, diagn\u00f3stico, tratamentos e servi\u00e7os dispon\u00edveis no munic\u00edpio. O portal contar\u00e1 com materiais educativos para fam\u00edlias e profissionais das \u00e1reas de sa\u00fade, educa\u00e7\u00e3o e assist\u00eancia social, al\u00e9m de informa\u00e7\u00f5es sobre pol\u00edticas p\u00fablicas, orienta\u00e7\u00f5es para encaminhamento e terapias dispon\u00edveis. Tamb\u00e9m oferecer\u00e1 capacita\u00e7\u00e3o para profissionais, um espa\u00e7o de intera\u00e7\u00e3o entre especialistas e familiares, al\u00e9m de divulgar eventos e campanhas de conscientiza\u00e7\u00e3o.<\/p>\n<p>O desenvolvimento do portal ser\u00e1 realizado com a participa\u00e7\u00e3o de especialistas e institui\u00e7\u00f5es de ensino, garantindo informa\u00e7\u00f5es atualizadas e confi\u00e1veis.<\/p>\n<p>Pioneiro na defesa dos direitos das pessoas com TEA em Caruaru, Jorge Quintino refor\u00e7a seu compromisso com a causa. \u201cAs fam\u00edlias enfrentam dificuldades para obter informa\u00e7\u00f5es claras e acess\u00edveis. O Portal TEA ser\u00e1 uma ferramenta essencial para garantir esse suporte\u201d, afirma o vereador.<\/p>\n<p>A proposta agora segue para an\u00e1lise do Executivo Municipal.<br \/>\nSiga o Instagram do Blog pelo @blogdoedvaldomagalhaes<br \/>\nFoto: Divulga\u00e7\u00e3o <\/p>\n","protected":false},"excerpt":{"rendered":"<p>O vereador Jorge Quintino apresentou um Anteprojeto de Lei propondo a cria\u00e7\u00e3o do Portal TEA, uma plataforma digital para centralizar&hellip;<\/p>\n","protected":false},"author":1,"featured_media":116598,"comment_status":"closed","ping_status":"open","sticky":false,"template":"","format":"standard","meta":{"footnotes":""},"categories":[14122],"tags":[30592,27410,13146,28801,20,32730],"class_list":["post-116597","post","type-post","status-publish","format-standard","has-post-thumbnail","hentry","category-politica","tag-blog-com-mais-seguidores","tag-blog-de-caruaru","tag-blog-edvaldo-magalhaes","tag-blog-mais-acessado","tag-politica","tag-vereador-jorge-quintino-propoe-criacao-do-portal-tea-para-fortalecer-apoio-a-autistas-e-suas-familias-em-caruaru"],"_links":{"self":[{"href":"https:\/\/blogdoedvaldomagalhaes.com.br\/index.php\/wp-json\/wp\/v2\/posts\/116597","targetHints":{"allow":["GET"]}}],"collection":[{"href":"https:\/\/blogdoedvaldomagalhaes.com.br\/index.php\/wp-json\/wp\/v2\/posts"}],"about":[{"href":"https:\/\/blogdoedvaldomagalhaes.com.br\/index.php\/wp-json\/wp\/v2\/types\/post"}],"author":[{"embeddable":true,"href":"https:\/\/blogdoedvaldomagalhaes.com.br\/index.php\/wp-json\/wp\/v2\/users\/1"}],"replies":[{"embeddable":true,"href":"https:\/\/blogdoedvaldomagalhaes.com.br\/index.php\/wp-json\/wp\/v2\/comments?post=116597"}],"version-history":[{"count":1,"href":"https:\/\/blogdoedvaldomagalhaes.com.br\/index.php\/wp-json\/wp\/v2\/posts\/116597\/revisions"}],"predecessor-version":[{"id":116599,"href":"https:\/\/blogdoedvaldomagalhaes.com.br\/index.php\/wp-json\/wp\/v2\/posts\/116597\/revisions\/116599"}],"wp:featuredmedia":[{"embeddable":true,"href":"https:\/\/blogdoedvaldomagalhaes.com.br\/index.php\/wp-json\/wp\/v2\/media\/116598"}],"wp:attachment":[{"href":"https:\/\/blogdoedvaldomagalhaes.com.br\/index.php\/wp-json\/wp\/v2\/media?parent=116597"}],"wp:term":[{"taxonomy":"category","embeddable":true,"href":"https:\/\/blogdoedvaldomagalhaes.com.br\/index.php\/wp-json\/wp\/v2\/categories?post=116597"},{"taxonomy":"post_tag","embeddable":true,"href":"https:\/\/blogdoedvaldomagalhaes.com.br\/index.php\/wp-json\/wp\/v2\/tags?post=116597"}],"curies":[{"name":"wp","href":"https:\/\/api.w.org\/{rel}","templated":true}]}}