{"id":116590,"date":"2025-02-11T12:59:27","date_gmt":"2025-02-11T15:59:27","guid":{"rendered":"https:\/\/blogdoedvaldomagalhaes.com.br\/?p=116590"},"modified":"2025-02-11T12:59:27","modified_gmt":"2025-02-11T15:59:27","slug":"oftalmologista-pernambucana-devolve-a-autoestima-de-pacientes-com-deficiencia-visual","status":"publish","type":"post","link":"https:\/\/blogdoedvaldomagalhaes.com.br\/index.php\/2025\/02\/11\/oftalmologista-pernambucana-devolve-a-autoestima-de-pacientes-com-deficiencia-visual\/","title":{"rendered":"Oftalmologista pernambucana devolve a autoestima de pacientes com defici\u00eancia visual"},"content":{"rendered":"<p class=\"s2\"><span style=\"font-size: revert;\">Sem medo do espelho, seu Jo\u00e3o reencontra a pr\u00f3pria identidade ap\u00f3s cirurgia pioneira na regi\u00e3o<\/span><\/p>\n<p class=\"s2\">\n<p class=\"s2\"><span class=\"s5\"><span class=\"bumpedFont15\">Dez dias ap\u00f3s realizar a tatuagem ocular, seu Jo\u00e3o Alfredo Barros, 66 anos, voltou ao consult\u00f3rio para a primeira consulta p\u00f3s-cir\u00fargica no Hospital Santa Luzia. O procedimento, conduzido pela oftalmologista Manuela Ten\u00f3rio, devolveu ao olho esquerdo do paciente a mesma tonalidade castanha do olho direito, eliminando o contraste que o fazia usar \u00f3culos escuros por inseguran\u00e7a.<\/span><\/span><\/p>\n<p class=\"s2\"><span class=\"s5\"><span class=\"bumpedFont15\">&#8220;A minha cirurgia foi maravilhosa para mim. Eu j\u00e1 estou me sentindo outro Jo\u00e3o, com a autoestima l\u00e1 em cima, gra\u00e7as a Deus. Eu s\u00f3 tenho muito que agradecer primeiramente a Deus, que foi ele que me enviou \u00e0 doutora Manuela para fazer essa b\u00ean\u00e7\u00e3o na minha vis\u00e3o&#8221;, afirmou seu Jo\u00e3o, o terceiro paciente operado pela oftalmologista. \u00a0<\/span><\/span><\/p>\n<p class=\"s2\">\n<p class=\"s2\"><span class=\"s5\"><span class=\"bumpedFont15\">Os dois se conheceram no pr\u00e9dio onde a m\u00e9dica mora, no bairro dos Aflitos. Ele \u00a0trabalha como porteiro e reside em Moreno. Seu Jo\u00e3o perdeu a vis\u00e3o do olho esquerdo em 2009, ap\u00f3s uma conjuntivite e outras complica\u00e7\u00f5es. <\/span><\/span><\/p>\n<p class=\"s2\">\n<p class=\"s2\"><span class=\"s5\"><span class=\"bumpedFont15\">Depois disso, passou a se esconder por tr\u00e1s de um \u00f3culos escuro, do qual, agora, n\u00e3o depender\u00e1 mais. Foram 15 anos de depend\u00eancia em rela\u00e7\u00e3o aos \u00f3culos. <\/span><\/span><span class=\"s5\"><span class=\"bumpedFont15\"><br \/>\n<\/span><\/span><span class=\"s5\"><span class=\"bumpedFont15\"><br \/>\n<\/span><\/span><span class=\"s5\"><span class=\"bumpedFont15\">A oftalmologista percebeu seu desconforto e decidiu ajud\u00e1-lo. Foi inspirada nele que a m\u00e9dica aprendeu a fazer a tatuagem ocular com os melhores profissionais do Brasil.<\/span><\/span><\/p>\n<p class=\"s2\"><span class=\"s5\"><span class=\"bumpedFont15\">O procedimento, conhecido como ceratopigmenta\u00e7\u00e3o, \u00e9 indicado para pacientes que perderam a vis\u00e3o e desejam restaurar a apar\u00eancia natural dos olhos. <\/span><\/span><\/p>\n<p class=\"s2\">\n<p class=\"s2\"><span class=\"s3\"><span class=\"bumpedFont15\">O resgate da autoestima pela ci\u00eancia<\/span><\/span><\/p>\n<p class=\"s2\">\n<p class=\"s2\"><span class=\"s5\"><span class=\"bumpedFont15\">Segundo Dra. Manuela Ten\u00f3rio, a t\u00e9cnica consiste em preparar a superf\u00edcie ocular, removendo tecidos e cauterizando vasos, para ent\u00e3o realizar a pigmenta\u00e7\u00e3o com uma caneta automatizada. <\/span><\/span><\/p>\n<p class=\"s2\"><span class=\"s5\"><span class=\"bumpedFont15\">&#8220;Realizamos o preparo da superf\u00edcie ocular para receber o pigmento, removendo epit\u00e9lio, cauterizando vasos, removendo tecidos que foram se formando ao longo dos anos. Ap\u00f3s essa primeira etapa, manipulamos o pigmento com o tom mais pr\u00f3ximo ao olho contralateral e realizamos a pigmenta\u00e7\u00e3o com uma caneta automatizada fazendo microperfura\u00e7\u00f5es&#8221;, detalhou a m\u00e9dica.<\/span><\/span><\/p>\n<p class=\"s2\"><span class=\"s5\"><span class=\"bumpedFont15\">A t\u00e9cnica, aprimorada no Brasil por especialistas como o Dr. Alexandre Costa e o Dr. Giovani Garotti, tem se mostrado eficaz na reabilita\u00e7\u00e3o est\u00e9tica de pacientes que perderam a vis\u00e3o. Foi justamente com os dois que a oftalmologista Manuela Ten\u00f3rio se especializou, trazendo posteriormente a t\u00e9cnica para o Estado de Pernambuco. <\/span><\/span><span class=\"s5\"><span class=\"bumpedFont15\"><br \/>\n<\/span><\/span><span class=\"s5\"><span class=\"bumpedFont15\"><br \/>\n<\/span><\/span><span class=\"s5\"><span class=\"bumpedFont15\">&#8220;Eles (os m\u00e9dicos) t\u00eam feito a diferen\u00e7a na vida de muitas pessoas, resgatando a autoestima e reinserindo-as na sociedade&#8221;, disse Dra. Manuela.<\/span><\/span><\/p>\n<p class=\"s2\">\n<p class=\"s2\"><span class=\"s3\"><span class=\"bumpedFont15\">O encontro com o espelho<\/span><\/span><\/p>\n<p class=\"s2\">\n<p class=\"s2\"><span class=\"s5\"><span class=\"bumpedFont15\">Na consulta de retorno, o paciente olhou-se no espelho e relembrou a emo\u00e7\u00e3o de se reconhecer novamente. <\/span><\/span><\/p>\n<p class=\"s2\"><span class=\"s5\"><span class=\"bumpedFont15\">&#8220;Eu perguntei \u00e0 senhora se eu podia chorar, eu chorei. Porque a primeira vez que eu me vi no espelho, eu me senti muito emocionado, como se tivesse uma vit\u00f3ria que era muito desejada em minha vida&#8221;, disse. &#8220;Eu n\u00e3o tenho palavras para agradecer \u00e0 doutora Manuela e ao Hospital Santa Luzia&#8221;.<\/span><\/span><\/p>\n<p class=\"s2\"><span class=\"s5\"><span class=\"bumpedFont15\">O momento diante do espelho foi marcante. Seu Jo\u00e3o observou atentamente seu reflexo, tocou o rosto e levou as m\u00e3os aos olhos, como se quisesse sentir a mudan\u00e7a. &#8220;Eu s\u00f3 fui alegria, entendeu? Felicidade que eu senti, entendeu? Aquela baixa estima que eu tinha desapareceu. Gra\u00e7as a Deus&#8221;, relatou. A transforma\u00e7\u00e3o representava mais do que um aspecto est\u00e9tico; era um resgate da confian\u00e7a e da identidade, que, por anos, ele sentiu ter perdido.<\/span><\/span><\/p>\n<p class=\"s2\"><span class=\"s5\"><span class=\"bumpedFont15\">O impacto da cirurgia na vida do paciente j\u00e1 \u00e9 percept\u00edvel. &#8220;Aquela baixa estima que eu tinha dentro da minha casa, no meu banheiro, na rua, entendeu? Eu me escondia por tr\u00e1s de \u00f3culos escuros. As pessoas j\u00e1 me tratam um pouco diferente, entendeu? Realmente essa cirurgia fez toda a diferen\u00e7a em minha vida&#8221;.<\/span><\/span><\/p>\n<p class=\"s2\"><span class=\"s5\"><span class=\"bumpedFont15\">A transforma\u00e7\u00e3o tamb\u00e9m gerou repercuss\u00e3o entre amigos e vizinhos. &#8220;O meu vizinho, o Sr. Geraldo, que esteve aqui ontem com a esposa dele, disse: &#8216;Foi maravilhosa&#8217;. Perguntou a mim qual foi o hospital e qual foi a m\u00e9dica. Eu at\u00e9 chorei&#8221;, relatou emocionado.<\/span><\/span><\/p>\n<p class=\"s2\"><span class=\"s5\"><span class=\"bumpedFont15\">O procedimento tem ganhado popularidade entre oftalmologistas brasileiros e pode se tornar cada vez mais acess\u00edvel. &#8220;Acredito que ser\u00e1 um procedimento mais comum \u00e0 medida que mais m\u00e9dicos tiverem esse conhecimento&#8221;, afirmou a oftalmologista. <\/span><\/span><\/p>\n<p class=\"s2\"><span class=\"s5\"><span class=\"bumpedFont15\">A m\u00e9dica tamb\u00e9m destacou os desafios t\u00e9cnicos envolvidos. &#8220;O maior risco \u00e9 a perfura\u00e7\u00e3o ocular. O exame cuidadoso no pr\u00e9-operat\u00f3rio e o conhecimento a respeito do que levou \u00e0 perda visual nos preparam para poss\u00edveis complica\u00e7\u00f5es pr\u00e9 e p\u00f3s-operat\u00f3rias&#8221;.<\/span><\/span><\/p>\n<p class=\"s2\">\n<p class=\"s2\"><span class=\"s3\"><span class=\"bumpedFont15\">A companheira chamada confian\u00e7a<\/span><\/span><\/p>\n<p class=\"s2\">\n<p class=\"s2\"><span class=\"s5\"><span class=\"bumpedFont15\">O procedimento de seu Jo\u00e3o n\u00e3o trar\u00e1 de volta a vis\u00e3o perdida, mas devolver\u00e1 algo essencial: a confian\u00e7a. &#8220;A cirurgia n\u00e3o melhora a acuidade visual. O objetivo \u00e9 devolver a autoestima e permitir que ele se sinta confort\u00e1vel sem precisar esconder o olhar&#8221;, disse a m\u00e9dica.<\/span><\/span><\/p>\n<p class=\"s2\"><span class=\"s5\"><span class=\"bumpedFont15\">A oftalmologista Manuela Ten\u00f3rio acredita que a ceratopigmenta\u00e7\u00e3o tem um grande potencial para melhorar a qualidade de vida de muitas pessoas. &#8220;Ouvi uma vez um paciente dizer que o olho branco era algo superado at\u00e9 a chegada dos netos: &#8216;eles t\u00eam medo de mim&#8217;. Fazer parte dessa virada n\u00e3o tem pre\u00e7o&#8221;.<\/span><\/span><\/p>\n<p class=\"s2\">\n<p class=\"s2\"><span class=\"s3\"><span class=\"bumpedFont15\">Op\u00e7\u00e3o para olhos sem progn\u00f3stico visual<\/span><\/span><\/p>\n<p class=\"s2\"><span class=\"s5\"><span class=\"bumpedFont15\"><br \/>\n<\/span><\/span><span class=\"s5\"><span class=\"bumpedFont15\">No Brasil, a ceratopigmenta\u00e7\u00e3o \u00e9 permitida apenas para olhos sem progn\u00f3stico visual. Nos Estados Unidos e na Espanha, a t\u00e9cnica tamb\u00e9m \u00e9 utilizada para mudar a cor dos olhos saud\u00e1veis, mas essa pr\u00e1tica ainda n\u00e3o foi regulamentada no pa\u00eds. <\/span><\/span><\/p>\n<p class=\"s2\">\n<p class=\"s2\"><span class=\"s5\"><span class=\"bumpedFont15\">&#8220;O procedimento precisa ser bem indicado. \u00c9 importante alinhar as expectativas do paciente, avaliar o quadro cl\u00ednico e garantir que n\u00e3o haja doen\u00e7as ativas&#8221;, explicou Dra. Manuela.<\/span><\/span><\/p>\n<p class=\"s2\">\n<p class=\"s2\"><span class=\"s5\"><span class=\"bumpedFont15\">A m\u00e9dica pretende expandir o acesso ao procedimento. &#8220;Estou muito entusiasmada. Quero fazer parte da transforma\u00e7\u00e3o de muitas pessoas, se Deus permitir&#8221;.<\/span><\/span><\/p>\n<p class=\"s2\">\n<p class=\"s2\"><span class=\"s5\"><span class=\"bumpedFont15\">Seu Jo\u00e3o tamb\u00e9m faz planos para o futuro. &#8220;Sobre o apoio da doutora Manuela, para mim foi tudo. Deus no c\u00e9u e ela aqui na terra&#8221;. Agora, sem os \u00f3culos escuros, ele encara a nova fase da vida com confian\u00e7a renovada.<br \/>\nSiga o Instagram do Blog pelo @blogdoedvaldomagalhaes<br \/>\nFoto: Divulga\u00e7\u00e3o\u00a0<\/span><\/span><\/p>\n<p class=\"s6\">\n","protected":false},"excerpt":{"rendered":"<p>Sem medo do espelho, seu Jo\u00e3o reencontra a pr\u00f3pria identidade ap\u00f3s cirurgia pioneira na regi\u00e3o Dez dias ap\u00f3s realizar a&hellip;<\/p>\n","protected":false},"author":1,"featured_media":116591,"comment_status":"closed","ping_status":"open","sticky":false,"template":"","format":"standard","meta":{"footnotes":""},"categories":[14120],"tags":[32203,28803,27410,2,32729],"class_list":["post-116590","post","type-post","status-publish","format-standard","has-post-thumbnail","hentry","category-noticias","tag-blog-blog-mais-acessado","tag-blog-com-mais-visualizacoes","tag-blog-de-caruaru","tag-blog-do-edvaldo-magalhaes","tag-oftalmologista-pernambucana-desenvolve-a-autoestima-de-paciente"],"_links":{"self":[{"href":"https:\/\/blogdoedvaldomagalhaes.com.br\/index.php\/wp-json\/wp\/v2\/posts\/116590","targetHints":{"allow":["GET"]}}],"collection":[{"href":"https:\/\/blogdoedvaldomagalhaes.com.br\/index.php\/wp-json\/wp\/v2\/posts"}],"about":[{"href":"https:\/\/blogdoedvaldomagalhaes.com.br\/index.php\/wp-json\/wp\/v2\/types\/post"}],"author":[{"embeddable":true,"href":"https:\/\/blogdoedvaldomagalhaes.com.br\/index.php\/wp-json\/wp\/v2\/users\/1"}],"replies":[{"embeddable":true,"href":"https:\/\/blogdoedvaldomagalhaes.com.br\/index.php\/wp-json\/wp\/v2\/comments?post=116590"}],"version-history":[{"count":1,"href":"https:\/\/blogdoedvaldomagalhaes.com.br\/index.php\/wp-json\/wp\/v2\/posts\/116590\/revisions"}],"predecessor-version":[{"id":116592,"href":"https:\/\/blogdoedvaldomagalhaes.com.br\/index.php\/wp-json\/wp\/v2\/posts\/116590\/revisions\/116592"}],"wp:featuredmedia":[{"embeddable":true,"href":"https:\/\/blogdoedvaldomagalhaes.com.br\/index.php\/wp-json\/wp\/v2\/media\/116591"}],"wp:attachment":[{"href":"https:\/\/blogdoedvaldomagalhaes.com.br\/index.php\/wp-json\/wp\/v2\/media?parent=116590"}],"wp:term":[{"taxonomy":"category","embeddable":true,"href":"https:\/\/blogdoedvaldomagalhaes.com.br\/index.php\/wp-json\/wp\/v2\/categories?post=116590"},{"taxonomy":"post_tag","embeddable":true,"href":"https:\/\/blogdoedvaldomagalhaes.com.br\/index.php\/wp-json\/wp\/v2\/tags?post=116590"}],"curies":[{"name":"wp","href":"https:\/\/api.w.org\/{rel}","templated":true}]}}