{"id":116587,"date":"2025-02-11T12:27:05","date_gmt":"2025-02-11T15:27:05","guid":{"rendered":"https:\/\/blogdoedvaldomagalhaes.com.br\/?p=116587"},"modified":"2025-02-11T13:31:29","modified_gmt":"2025-02-11T16:31:29","slug":"morre-martha-melo-ex-secretaria-de-assistencia-social-de-caruaru","status":"publish","type":"post","link":"https:\/\/blogdoedvaldomagalhaes.com.br\/index.php\/2025\/02\/11\/morre-martha-melo-ex-secretaria-de-assistencia-social-de-caruaru\/","title":{"rendered":"Morre Martha Melo, ex-secret\u00e1ria de Assist\u00eancia Social de Caruaru"},"content":{"rendered":"<p>Morreu nesta ter\u00e7a-feira (11.02), a ex-secret\u00e1ria municipal de Assist\u00eancia Social para Crian\u00e7as, do adolescente e de Pol\u00edticas Sociais, Martha Melo Siqueira, aos 78 anos.<\/p>\n<p> O vel\u00f3rio acontece no Cemit\u00e9rio Dom Bosco no bairro Maur\u00edcio de Nassau, e o sepultamento ser\u00e1 no Cemit\u00e9rio Parque dos Arcos, \u00e0s 15, desta ter\u00e7a-feira (11.02).<br \/>\nSeja seguidor do Instagram do Blog pelo @blogdoedvaldomagalhaes<br \/>\nFoto: Reprodu\u00e7\u00e3o\/WhatsApp <\/p>\n","protected":false},"excerpt":{"rendered":"<p>Morreu nesta ter\u00e7a-feira (11.02), a ex-secret\u00e1ria municipal de Assist\u00eancia Social para Crian\u00e7as, do adolescente e de Pol\u00edticas Sociais, Martha Melo&hellip;<\/p>\n","protected":false},"author":1,"featured_media":116589,"comment_status":"closed","ping_status":"open","sticky":false,"template":"","format":"standard","meta":{"footnotes":""},"categories":[14120],"tags":[30592,27410,2,28801,32728],"class_list":["post-116587","post","type-post","status-publish","format-standard","has-post-thumbnail","hentry","category-noticias","tag-blog-com-mais-seguidores","tag-blog-de-caruaru","tag-blog-do-edvaldo-magalhaes","tag-blog-mais-acessado","tag-morre-martha-melo-ex-secretaria-de-assistencia-social-de-caruaru"],"_links":{"self":[{"href":"https:\/\/blogdoedvaldomagalhaes.com.br\/index.php\/wp-json\/wp\/v2\/posts\/116587","targetHints":{"allow":["GET"]}}],"collection":[{"href":"https:\/\/blogdoedvaldomagalhaes.com.br\/index.php\/wp-json\/wp\/v2\/posts"}],"about":[{"href":"https:\/\/blogdoedvaldomagalhaes.com.br\/index.php\/wp-json\/wp\/v2\/types\/post"}],"author":[{"embeddable":true,"href":"https:\/\/blogdoedvaldomagalhaes.com.br\/index.php\/wp-json\/wp\/v2\/users\/1"}],"replies":[{"embeddable":true,"href":"https:\/\/blogdoedvaldomagalhaes.com.br\/index.php\/wp-json\/wp\/v2\/comments?post=116587"}],"version-history":[{"count":4,"href":"https:\/\/blogdoedvaldomagalhaes.com.br\/index.php\/wp-json\/wp\/v2\/posts\/116587\/revisions"}],"predecessor-version":[{"id":116596,"href":"https:\/\/blogdoedvaldomagalhaes.com.br\/index.php\/wp-json\/wp\/v2\/posts\/116587\/revisions\/116596"}],"wp:featuredmedia":[{"embeddable":true,"href":"https:\/\/blogdoedvaldomagalhaes.com.br\/index.php\/wp-json\/wp\/v2\/media\/116589"}],"wp:attachment":[{"href":"https:\/\/blogdoedvaldomagalhaes.com.br\/index.php\/wp-json\/wp\/v2\/media?parent=116587"}],"wp:term":[{"taxonomy":"category","embeddable":true,"href":"https:\/\/blogdoedvaldomagalhaes.com.br\/index.php\/wp-json\/wp\/v2\/categories?post=116587"},{"taxonomy":"post_tag","embeddable":true,"href":"https:\/\/blogdoedvaldomagalhaes.com.br\/index.php\/wp-json\/wp\/v2\/tags?post=116587"}],"curies":[{"name":"wp","href":"https:\/\/api.w.org\/{rel}","templated":true}]}}