{"id":116583,"date":"2025-02-11T11:11:56","date_gmt":"2025-02-11T14:11:56","guid":{"rendered":"https:\/\/blogdoedvaldomagalhaes.com.br\/?p=116583"},"modified":"2025-02-11T11:11:56","modified_gmt":"2025-02-11T14:11:56","slug":"pernambuco-recebe-selo-nacional-compromisso-com-a-alfabetizacao-na-categoria-ouro","status":"publish","type":"post","link":"https:\/\/blogdoedvaldomagalhaes.com.br\/index.php\/2025\/02\/11\/pernambuco-recebe-selo-nacional-compromisso-com-a-alfabetizacao-na-categoria-ouro\/","title":{"rendered":"Pernambuco recebe Selo Nacional Compromisso com a Alfabetiza\u00e7\u00e3o na categoria ouro"},"content":{"rendered":"<p><span style=\"font-size: revert;\">_Premia\u00e7\u00e3o \u00e9 uma iniciativa do Minist\u00e9rio da Educa\u00e7\u00e3o e faz parte do Compromisso Nacional Crian\u00e7a Alfabetizada (CNCA)_<\/span><\/p>\n<p>Representando Pernambuco, a governadora Raquel Lyra recebeu, nesta segunda-feira (10), o Selo Nacional Compromisso com a Alfabetiza\u00e7\u00e3o na categoria ouro, em uma cerim\u00f4nia promovida pelo Minist\u00e9rio da Educa\u00e7\u00e3o (MEC). O evento aconteceu no Centro Internacional de Conven\u00e7\u00f5es do Brasil (CICB), em Bras\u00edlia, e contou com a presen\u00e7a do presidente Lula.<\/p>\n<p>&#8220;Para n\u00f3s \u00e9 uma alegria poder estar aqui e ver o reconhecimento de algo t\u00e3o nobre para o nosso pa\u00eds. O nosso Estado, particularmente, elevou em 40% o n\u00edvel de alfabetiza\u00e7\u00e3o de 2023 a 2024. Mas a gente sabe do grande desafio que \u00e9 a educa\u00e7\u00e3o no Brasil. Nosso compromisso, como l\u00edderes, como homens e mulheres que t\u00eam a capacidade de influenciar a vida daqueles que moram nos nossos estados, \u00e9 de n\u00e3o deixar ningu\u00e9m para tr\u00e1s. Se n\u00f3s n\u00e3o investirmos nos nossos meninos, n\u00e3o seremos capazes de reduzir a desigualdade social e muito menos a regional&#8221;, destacou a gestora.<\/p>\n<p>A premia\u00e7\u00e3o \u00e9 uma iniciativa do MEC e faz parte do Compromisso Nacional Crian\u00e7a Alfabetizada (CNCA), que busca atestar boas pr\u00e1ticas das secretarias de educa\u00e7\u00e3o estaduais e municipais, voltadas a assegurar o direito \u00e0 alfabetiza\u00e7\u00e3o. &#8220;A gente nunca ser\u00e1 desenvolvido se n\u00e3o apostarmos na educa\u00e7\u00e3o. Toda crian\u00e7a, independentemente da origem, da cor, tem o direito de ter uma educa\u00e7\u00e3o plena, como todas as pessoas merecem neste pa\u00eds. O \u00fanico caminho que temos \u00e9 o investimento em educa\u00e7\u00e3o&#8221;, disse o presidente Lula.<\/p>\n<p>Pernambuco foi um dos 13 estados agraciados com o selo de ouro no evento de hoje. Al\u00e9m disso, mais de 80 munic\u00edpios pernambucanos tamb\u00e9m receberam o pr\u00eamio. Durante o seu discurso, a chefe do Executivo estadual destacou os bons resultados alcan\u00e7ados at\u00e9 o momento com o Juntos Pela Educa\u00e7\u00e3o, programa que conta com um investimento de R$ 5,5 bilh\u00f5es para a realiza\u00e7\u00e3o de a\u00e7\u00f5es nesta \u00e1rea. Um exemplo \u00e9 que, pela primeira vez na hist\u00f3ria, Pernambuco superou a taxa nacional de alfabetiza\u00e7\u00e3o, com 59% dos estudantes alfabetizados na idade certa. O n\u00famero fica acima da m\u00e9dia do pa\u00eds, que \u00e9 de 56%.<\/p>\n<p>&#8220;Hoje n\u00f3s temos avalia\u00e7\u00e3o da alfabetiza\u00e7\u00e3o por estado, munic\u00edpio e regi\u00e3o, para construir as estrat\u00e9gias. N\u00f3s n\u00e3o queremos deixar ningu\u00e9m para tr\u00e1s, mas sim todos crescerem juntos, pelo mesmo objetivo. N\u00f3s estamos aqui reconhecendo os processos, os esfor\u00e7os e as iniciativas de cada munic\u00edpio e estado&#8221;, disse o ministro da Educa\u00e7\u00e3o, Camilo Santana.<\/p>\n<p>Esta foi a primeira edi\u00e7\u00e3o deste evento, que tamb\u00e9m contou com a presen\u00e7a do secret\u00e1rio de Educa\u00e7\u00e3o do Estado, Gilson Monteiro, al\u00e9m de ministros, do presidente da C\u00e2mara dos Deputados, Hugo Motta, e de diversos governadores, prefeitos e prefeitas e gestores de educa\u00e7\u00e3o.<br \/>\n<span style=\"font-size: revert;\">Foto: Ricardo Stuckert\/Presid\u00eancia da Rep\u00fablica.<br \/>\nSiga o Instagram do Blog pelo @blogdoedvaldomagalhaes<\/span><\/p>\n","protected":false},"excerpt":{"rendered":"<p>_Premia\u00e7\u00e3o \u00e9 uma iniciativa do Minist\u00e9rio da Educa\u00e7\u00e3o e faz parte do Compromisso Nacional Crian\u00e7a Alfabetizada (CNCA)_ Representando Pernambuco, a&hellip;<\/p>\n","protected":false},"author":1,"featured_media":116585,"comment_status":"closed","ping_status":"open","sticky":false,"template":"","format":"standard","meta":{"footnotes":""},"categories":[14122],"tags":[29440,32321,32727,20,1229],"class_list":["post-116583","post","type-post","status-publish","format-standard","has-post-thumbnail","hentry","category-politica","tag-blog-com-mais-visualizacao","tag-blog-mais-informacoes","tag-pernambuco-recebe-selo-na-nacional-compromisso-com-a-alfabetizacao","tag-politica","tag-raquel-lyra"],"_links":{"self":[{"href":"https:\/\/blogdoedvaldomagalhaes.com.br\/index.php\/wp-json\/wp\/v2\/posts\/116583","targetHints":{"allow":["GET"]}}],"collection":[{"href":"https:\/\/blogdoedvaldomagalhaes.com.br\/index.php\/wp-json\/wp\/v2\/posts"}],"about":[{"href":"https:\/\/blogdoedvaldomagalhaes.com.br\/index.php\/wp-json\/wp\/v2\/types\/post"}],"author":[{"embeddable":true,"href":"https:\/\/blogdoedvaldomagalhaes.com.br\/index.php\/wp-json\/wp\/v2\/users\/1"}],"replies":[{"embeddable":true,"href":"https:\/\/blogdoedvaldomagalhaes.com.br\/index.php\/wp-json\/wp\/v2\/comments?post=116583"}],"version-history":[{"count":2,"href":"https:\/\/blogdoedvaldomagalhaes.com.br\/index.php\/wp-json\/wp\/v2\/posts\/116583\/revisions"}],"predecessor-version":[{"id":116586,"href":"https:\/\/blogdoedvaldomagalhaes.com.br\/index.php\/wp-json\/wp\/v2\/posts\/116583\/revisions\/116586"}],"wp:featuredmedia":[{"embeddable":true,"href":"https:\/\/blogdoedvaldomagalhaes.com.br\/index.php\/wp-json\/wp\/v2\/media\/116585"}],"wp:attachment":[{"href":"https:\/\/blogdoedvaldomagalhaes.com.br\/index.php\/wp-json\/wp\/v2\/media?parent=116583"}],"wp:term":[{"taxonomy":"category","embeddable":true,"href":"https:\/\/blogdoedvaldomagalhaes.com.br\/index.php\/wp-json\/wp\/v2\/categories?post=116583"},{"taxonomy":"post_tag","embeddable":true,"href":"https:\/\/blogdoedvaldomagalhaes.com.br\/index.php\/wp-json\/wp\/v2\/tags?post=116583"}],"curies":[{"name":"wp","href":"https:\/\/api.w.org\/{rel}","templated":true}]}}