{"id":1165,"date":"2018-09-29T12:42:00","date_gmt":"2018-09-29T15:42:00","guid":{"rendered":"http:\/\/blogdoedvaldomagalhaes.com.br\/index.php\/2018\/09\/29\/festa-em-homenagem-sao-vicente-de-paulo\/"},"modified":"2019-02-09T02:32:59","modified_gmt":"2019-02-09T04:32:59","slug":"festa-em-homenagem-sao-vicente-de-paulo","status":"publish","type":"post","link":"https:\/\/blogdoedvaldomagalhaes.com.br\/index.php\/2018\/09\/29\/festa-em-homenagem-sao-vicente-de-paulo\/","title":{"rendered":"Festa em homenagem a S\u00e3o Vicente de Paulo acontece no bairro Santa Rosa"},"content":{"rendered":"<div class=\"post_text\" itemprop=\"description\" style=\"background-color: white; box-sizing: border-box;\">\n<div class=\"separator\" style=\"clear: both; text-align: center;\">\n<a href=\"https:\/\/3.bp.blogspot.com\/-_1L4CVs-b9Q\/W69y2R73zbI\/AAAAAAAA64A\/3w3HqIcVKlQw1TXeahPQTZTsCQ4O4fFGQCLcBGAs\/s1600\/s%25C3%25A3o.png\" imageanchor=\"1\" style=\"margin-left: 1em; margin-right: 1em;\"><img loading=\"lazy\" decoding=\"async\" border=\"0\" data-original-height=\"300\" data-original-width=\"600\" height=\"320\" src=\"http:\/\/blogdoedvaldomagalhaes.com.br\/wp-content\/uploads\/2018\/09\/sC3A3o.png\" width=\"640\" \/><\/a><\/div>\n<div style=\"box-sizing: border-box; line-height: 24px; margin-bottom: 10px; text-align: justify;\">\n<\/div>\n<div style=\"box-sizing: border-box; line-height: 24px; margin-bottom: 10px; text-align: justify;\">\nA festa em homenagem a S\u00e3o Vicente de Paulo est\u00e1 sendo realizada no sal\u00e3o da Confer\u00eancia Santa Rosa de Lima. Com o tema, \u201cComo S\u00e3o Vicente de Paulo, queremos viver o amor fraterno\u201d, o Conselho Particular Menino Jesus, juntamente com o p\u00e1roco da comunidade, Padre Jos\u00e9 Fernando, realizam uma vasta programa\u00e7\u00e3o durante os tr\u00eas dias.<\/div>\n<div style=\"box-sizing: border-box; line-height: 24px; margin-bottom: 10px; text-align: justify;\">\nDe acordo com a cren\u00e7a cat\u00f3lica, S\u00e3o Vicente de Paulo \u00e9 um luzeiro que ainda hoje continua iluminando com o seu testemunho, a hist\u00f3ria de quem decide por seguir Jesus Cristo, Caminho, Verdade e Vida. Confira a programa\u00e7\u00e3o.<\/div>\n<div style=\"box-sizing: border-box; line-height: 24px; margin-bottom: 10px; text-align: justify;\">\n<\/div>\n<div style=\"box-sizing: border-box; line-height: 24px; margin-bottom: 10px; text-align: justify;\">\n<strong style=\"box-sizing: border-box;\">S\u00e1bado, 29 de setembro de 2018<\/strong><\/div>\n<div style=\"box-sizing: border-box; line-height: 24px; margin-bottom: 10px; text-align: justify;\">\n<strong style=\"box-sizing: border-box;\">7h \u2013<\/strong>&nbsp;Oficio de Nossa Senhora<\/div>\n<div style=\"box-sizing: border-box; line-height: 24px; margin-bottom: 10px; text-align: justify;\">\n<strong style=\"box-sizing: border-box;\">19h \u2013<\/strong>&nbsp;Ora\u00e7\u00e3o do ter\u00e7o<\/div>\n<div style=\"box-sizing: border-box; line-height: 24px; margin-bottom: 10px; text-align: justify;\">\n<strong style=\"box-sizing: border-box;\">19:30h \u2013<\/strong>&nbsp;Celebra\u00e7\u00e3o Eucar\u00edstica presidida pelo Revmo. Sr. Pe. Edson Alves da Cunha \u2013 \u00c1rea Pastoral Nossa Senhora das Gra\u00e7as \u2013 Caruaru \u2013 PE<\/div>\n<div style=\"box-sizing: border-box; line-height: 24px; margin-bottom: 10px; text-align: justify;\">\n<strong style=\"box-sizing: border-box;\">Anima\u00e7\u00e3o Lit\u00fargica:<\/strong>&nbsp;Minist\u00e9rio Unidos em Cristo<\/div>\n<div style=\"box-sizing: border-box; line-height: 24px; margin-bottom: 10px; text-align: justify;\">\n<strong style=\"box-sizing: border-box;\">Noiteiros:<\/strong>&nbsp;Movimentos Marianos<\/div>\n<div style=\"box-sizing: border-box; line-height: 24px; margin-bottom: 10px; text-align: justify;\">\n<\/div>\n<div style=\"box-sizing: border-box; line-height: 24px; margin-bottom: 10px; text-align: justify;\">\n<strong style=\"box-sizing: border-box;\">Domingo, 30 de setembro de 2018<\/strong><\/div>\n<div style=\"box-sizing: border-box; line-height: 24px; margin-bottom: 10px; text-align: justify;\">\n<strong style=\"box-sizing: border-box;\">16h \u2013<\/strong>&nbsp;Solene Prociss\u00e3o com a imagem de S\u00e3o Vicente de Paulo pelas ruas da comunidade, coordenada pelo Di\u00e1cono Carlos Gen\u00ea da Silva<\/div>\n<div style=\"box-sizing: border-box; line-height: 24px; margin-bottom: 10px; text-align: justify;\">\n<strong style=\"box-sizing: border-box;\">17h \u2013<\/strong>&nbsp;Solene Celebra\u00e7\u00e3o Eucar\u00edstica da Festa, presidida pelo Revmo, Sr. Pe. Jos\u00e9 Fernando da Silva \u2013 Par\u00f3quia Nossa Senhora de Guadalupe \u2013 Caruaru \u2013 PE<\/div>\n<div style=\"box-sizing: border-box; line-height: 24px; margin-bottom: 10px; text-align: justify;\">\n<strong style=\"box-sizing: border-box;\">&nbsp;Anima\u00e7\u00e3o Lit\u00fargica:<\/strong>&nbsp;Grupo Nossa Senhora da Concei\u00e7\u00e3o \u2013 Pau Santo \u2013 Caruaru<\/div>\n<div style=\"box-sizing: border-box; line-height: 24px; margin-bottom: 10px; text-align: justify;\">\n<\/div>\n<\/div>\n","protected":false},"excerpt":{"rendered":"<p>A festa em homenagem a S\u00e3o Vicente de Paulo est\u00e1 sendo realizada no sal\u00e3o da Confer\u00eancia Santa Rosa de Lima.&hellip;<\/p>\n","protected":false},"author":1,"featured_media":0,"comment_status":"open","ping_status":"open","sticky":false,"template":"","format":"standard","meta":{"footnotes":""},"categories":[1],"tags":[2,1120,6],"class_list":["post-1165","post","type-post","status-publish","format-standard","hentry","category-sem-categoria","tag-blog-do-edvaldo-magalhaes","tag-festa-em-homenagem-a-sao-vicente-de-paulo-acontece-no-bairro-santa-rosa","tag-noticias"],"_links":{"self":[{"href":"https:\/\/blogdoedvaldomagalhaes.com.br\/index.php\/wp-json\/wp\/v2\/posts\/1165","targetHints":{"allow":["GET"]}}],"collection":[{"href":"https:\/\/blogdoedvaldomagalhaes.com.br\/index.php\/wp-json\/wp\/v2\/posts"}],"about":[{"href":"https:\/\/blogdoedvaldomagalhaes.com.br\/index.php\/wp-json\/wp\/v2\/types\/post"}],"author":[{"embeddable":true,"href":"https:\/\/blogdoedvaldomagalhaes.com.br\/index.php\/wp-json\/wp\/v2\/users\/1"}],"replies":[{"embeddable":true,"href":"https:\/\/blogdoedvaldomagalhaes.com.br\/index.php\/wp-json\/wp\/v2\/comments?post=1165"}],"version-history":[{"count":1,"href":"https:\/\/blogdoedvaldomagalhaes.com.br\/index.php\/wp-json\/wp\/v2\/posts\/1165\/revisions"}],"predecessor-version":[{"id":34481,"href":"https:\/\/blogdoedvaldomagalhaes.com.br\/index.php\/wp-json\/wp\/v2\/posts\/1165\/revisions\/34481"}],"wp:attachment":[{"href":"https:\/\/blogdoedvaldomagalhaes.com.br\/index.php\/wp-json\/wp\/v2\/media?parent=1165"}],"wp:term":[{"taxonomy":"category","embeddable":true,"href":"https:\/\/blogdoedvaldomagalhaes.com.br\/index.php\/wp-json\/wp\/v2\/categories?post=1165"},{"taxonomy":"post_tag","embeddable":true,"href":"https:\/\/blogdoedvaldomagalhaes.com.br\/index.php\/wp-json\/wp\/v2\/tags?post=1165"}],"curies":[{"name":"wp","href":"https:\/\/api.w.org\/{rel}","templated":true}]}}