{"id":116399,"date":"2025-02-04T19:16:21","date_gmt":"2025-02-04T22:16:21","guid":{"rendered":"https:\/\/blogdoedvaldomagalhaes.com.br\/?p=116399"},"modified":"2025-02-04T19:16:21","modified_gmt":"2025-02-04T22:16:21","slug":"inscricoes-abertas-para-aulas-gratuitas-de-capoeira-em-caruaru","status":"publish","type":"post","link":"https:\/\/blogdoedvaldomagalhaes.com.br\/index.php\/2025\/02\/04\/inscricoes-abertas-para-aulas-gratuitas-de-capoeira-em-caruaru\/","title":{"rendered":"Inscri\u00e7\u00f5es abertas para aulas gratuitas de capoeira em Caruaru"},"content":{"rendered":"<p>A Secretaria de Assist\u00eancia Social e Combate \u00e0 Fome de Caruaru, est\u00e1 com inscri\u00e7\u00f5es abertas para aulas gratuitas de capoeira. A iniciativa, promovida pelo Centro Integrado de Direitos Humanos (CIDH), em parceria com a Secretaria Executiva de Esportes e a Secretaria de Educa\u00e7\u00e3o (Seduc), tem como objetivo incentivar a pr\u00e1tica esportiva e cultural, fortalecer os la\u00e7os comunit\u00e1rios e valorizar o patrim\u00f4nio cultural afro-brasileiro.<\/p>\n<p>As aulas, destinadas a crian\u00e7as a partir de 5 anos, adolescentes, jovens e adultos, buscam promover a inclus\u00e3o social por meio da capoeira, al\u00e9m de contribuir para o bem-estar f\u00edsico e mental dos participantes. A a\u00e7\u00e3o tamb\u00e9m visa estimular o reconhecimento da capoeira como patrim\u00f4nio cultural imaterial brasileiro, oferecendo um espa\u00e7o de conviv\u00eancia que valorize o respeito \u00e0 diversidade e \u00e0 igualdade de direitos.<\/p>\n<p>As atividades ser\u00e3o ministradas pelo professor e mestre de capoeira Ricardo Burgos, e acontecer\u00e3o \u00e0s segundas, quartas e sextas-feiras, das 9h \u00e0s 10h, no CIDH, localizado na Av. Rep\u00fablica, 557, Divin\u00f3polis. <\/p>\n<p>As inscri\u00e7\u00f5es s\u00e3o gratuitas e podem ser feitas presencialmente no CIDH. Para menores de idade, \u00e9 necess\u00e1ria a presen\u00e7a de um respons\u00e1vel no ato da inscri\u00e7\u00e3o. Os documentos exigidos para a matr\u00edcula incluem RG, CPF e comprovante de resid\u00eancia. Mais informa\u00e7\u00f5es podem ser obtidas pelo WhatsApp: (81) 8384-4291.<br \/>\nSiga o Instagram do Blog pelo @blogdoedvaldomagalhaes<\/p>\n","protected":false},"excerpt":{"rendered":"<p>A Secretaria de Assist\u00eancia Social e Combate \u00e0 Fome de Caruaru, est\u00e1 com inscri\u00e7\u00f5es abertas para aulas gratuitas de capoeira.&hellip;<\/p>\n","protected":false},"author":1,"featured_media":116400,"comment_status":"closed","ping_status":"open","sticky":false,"template":"","format":"standard","meta":{"footnotes":""},"categories":[14120],"tags":[29440,27410,2,28801,32658],"class_list":["post-116399","post","type-post","status-publish","format-standard","has-post-thumbnail","hentry","category-noticias","tag-blog-com-mais-visualizacao","tag-blog-de-caruaru","tag-blog-do-edvaldo-magalhaes","tag-blog-mais-acessado","tag-inscricoes-abertas-para-aulas-gratuitas-de-capoeira-em-caruaru"],"_links":{"self":[{"href":"https:\/\/blogdoedvaldomagalhaes.com.br\/index.php\/wp-json\/wp\/v2\/posts\/116399","targetHints":{"allow":["GET"]}}],"collection":[{"href":"https:\/\/blogdoedvaldomagalhaes.com.br\/index.php\/wp-json\/wp\/v2\/posts"}],"about":[{"href":"https:\/\/blogdoedvaldomagalhaes.com.br\/index.php\/wp-json\/wp\/v2\/types\/post"}],"author":[{"embeddable":true,"href":"https:\/\/blogdoedvaldomagalhaes.com.br\/index.php\/wp-json\/wp\/v2\/users\/1"}],"replies":[{"embeddable":true,"href":"https:\/\/blogdoedvaldomagalhaes.com.br\/index.php\/wp-json\/wp\/v2\/comments?post=116399"}],"version-history":[{"count":1,"href":"https:\/\/blogdoedvaldomagalhaes.com.br\/index.php\/wp-json\/wp\/v2\/posts\/116399\/revisions"}],"predecessor-version":[{"id":116401,"href":"https:\/\/blogdoedvaldomagalhaes.com.br\/index.php\/wp-json\/wp\/v2\/posts\/116399\/revisions\/116401"}],"wp:featuredmedia":[{"embeddable":true,"href":"https:\/\/blogdoedvaldomagalhaes.com.br\/index.php\/wp-json\/wp\/v2\/media\/116400"}],"wp:attachment":[{"href":"https:\/\/blogdoedvaldomagalhaes.com.br\/index.php\/wp-json\/wp\/v2\/media?parent=116399"}],"wp:term":[{"taxonomy":"category","embeddable":true,"href":"https:\/\/blogdoedvaldomagalhaes.com.br\/index.php\/wp-json\/wp\/v2\/categories?post=116399"},{"taxonomy":"post_tag","embeddable":true,"href":"https:\/\/blogdoedvaldomagalhaes.com.br\/index.php\/wp-json\/wp\/v2\/tags?post=116399"}],"curies":[{"name":"wp","href":"https:\/\/api.w.org\/{rel}","templated":true}]}}