{"id":116396,"date":"2025-02-04T19:08:25","date_gmt":"2025-02-04T22:08:25","guid":{"rendered":"https:\/\/blogdoedvaldomagalhaes.com.br\/?p=116396"},"modified":"2025-02-04T19:08:25","modified_gmt":"2025-02-04T22:08:25","slug":"formacao-em-seguranca-escolar-reune-porteiros-da-rede-municipal-de-ensino","status":"publish","type":"post","link":"https:\/\/blogdoedvaldomagalhaes.com.br\/index.php\/2025\/02\/04\/formacao-em-seguranca-escolar-reune-porteiros-da-rede-municipal-de-ensino\/","title":{"rendered":"Forma\u00e7\u00e3o em Seguran\u00e7a Escolar re\u00fane porteiros da Rede Municipal de Ensino"},"content":{"rendered":"<p>A Secretaria de Educa\u00e7\u00e3o e Esportes de Caruaru, em parceria com a Patrulha Escolar e a Pol\u00edcia Militar, realizou, nesta ter\u00e7a-feira (4), um evento de extrema import\u00e2ncia para fortalecer a seguran\u00e7a das escolas. A Forma\u00e7\u00e3o em Seguran\u00e7a Escolar reuniu 320 porteiros, profissionais que desempenham um papel fundamental no dia a dia das unidades de ensino.<\/p>\n<p>Durante a forma\u00e7\u00e3o, os participantes receberam orienta\u00e7\u00f5es estrat\u00e9gicas sobre controle de acesso, identifica\u00e7\u00e3o de riscos, protocolo de seguran\u00e7a e abordagens preventivas, refor\u00e7ando a import\u00e2ncia de um ambiente escolar protegido e acolhedor. Afinal, a seguran\u00e7a da escola como um todo come\u00e7a na portaria, e filtrar quem entra e sai \u00e9 um ato de responsabilidade e cuidado com a comunidade escolar.<\/p>\n<p>&#8220;O porteiro \u00e9 muito mais do que um colaborador na entrada da escola, ele \u00e9 o primeiro ponto de contato, o cart\u00e3o de visita da institui\u00e7\u00e3o e a primeira linha de prote\u00e7\u00e3o para alunos, professores e toda a equipe escolar. Seu olhar atento e sua postura preventiva s\u00e3o essenciais para garantir que a seguran\u00e7a e o bem-estar de todos sejam preservados&#8221;, afirmou o secret\u00e1rio de Educa\u00e7\u00e3o e Esportes de Caruaru, Kaio Cola\u00e7o.<\/p>\n<p>Com essa iniciativa, \u00e9 reafirmado o compromisso da gest\u00e3o com uma educa\u00e7\u00e3o de qualidade, em um ambiente seguro e preparado para receber os alunos nesse in\u00edcio do ano letivo, com toda a tranquilidade e seguran\u00e7a.<br \/>\nSeja seguidor do Instagram do Blog pelo @blogdoedvaldomagalhaes<br \/>\nFoto: Jorge Farias<\/p>\n","protected":false},"excerpt":{"rendered":"<p>A Secretaria de Educa\u00e7\u00e3o e Esportes de Caruaru, em parceria com a Patrulha Escolar e a Pol\u00edcia Militar, realizou, nesta&hellip;<\/p>\n","protected":false},"author":1,"featured_media":116397,"comment_status":"closed","ping_status":"open","sticky":false,"template":"","format":"standard","meta":{"footnotes":""},"categories":[14120],"tags":[28803,27410,13146,28801,32657,20],"class_list":["post-116396","post","type-post","status-publish","format-standard","has-post-thumbnail","hentry","category-noticias","tag-blog-com-mais-visualizacoes","tag-blog-de-caruaru","tag-blog-edvaldo-magalhaes","tag-blog-mais-acessado","tag-formacao-em-seguranca-escolar-reune-porteiros-da-rede-municipal-de-ensino","tag-politica"],"_links":{"self":[{"href":"https:\/\/blogdoedvaldomagalhaes.com.br\/index.php\/wp-json\/wp\/v2\/posts\/116396","targetHints":{"allow":["GET"]}}],"collection":[{"href":"https:\/\/blogdoedvaldomagalhaes.com.br\/index.php\/wp-json\/wp\/v2\/posts"}],"about":[{"href":"https:\/\/blogdoedvaldomagalhaes.com.br\/index.php\/wp-json\/wp\/v2\/types\/post"}],"author":[{"embeddable":true,"href":"https:\/\/blogdoedvaldomagalhaes.com.br\/index.php\/wp-json\/wp\/v2\/users\/1"}],"replies":[{"embeddable":true,"href":"https:\/\/blogdoedvaldomagalhaes.com.br\/index.php\/wp-json\/wp\/v2\/comments?post=116396"}],"version-history":[{"count":1,"href":"https:\/\/blogdoedvaldomagalhaes.com.br\/index.php\/wp-json\/wp\/v2\/posts\/116396\/revisions"}],"predecessor-version":[{"id":116398,"href":"https:\/\/blogdoedvaldomagalhaes.com.br\/index.php\/wp-json\/wp\/v2\/posts\/116396\/revisions\/116398"}],"wp:featuredmedia":[{"embeddable":true,"href":"https:\/\/blogdoedvaldomagalhaes.com.br\/index.php\/wp-json\/wp\/v2\/media\/116397"}],"wp:attachment":[{"href":"https:\/\/blogdoedvaldomagalhaes.com.br\/index.php\/wp-json\/wp\/v2\/media?parent=116396"}],"wp:term":[{"taxonomy":"category","embeddable":true,"href":"https:\/\/blogdoedvaldomagalhaes.com.br\/index.php\/wp-json\/wp\/v2\/categories?post=116396"},{"taxonomy":"post_tag","embeddable":true,"href":"https:\/\/blogdoedvaldomagalhaes.com.br\/index.php\/wp-json\/wp\/v2\/tags?post=116396"}],"curies":[{"name":"wp","href":"https:\/\/api.w.org\/{rel}","templated":true}]}}