{"id":116391,"date":"2025-02-04T17:48:38","date_gmt":"2025-02-04T20:48:38","guid":{"rendered":"https:\/\/blogdoedvaldomagalhaes.com.br\/?p=116391"},"modified":"2025-02-04T17:52:02","modified_gmt":"2025-02-04T20:52:02","slug":"anderson-correia-pede-que-municipio-articule-entrega-de-novas-ambulancias-para-o-samu-caruaru","status":"publish","type":"post","link":"https:\/\/blogdoedvaldomagalhaes.com.br\/index.php\/2025\/02\/04\/anderson-correia-pede-que-municipio-articule-entrega-de-novas-ambulancias-para-o-samu-caruaru\/","title":{"rendered":"Anderson Correia pede que Munic\u00edpio articule entrega de novas ambul\u00e2ncias para o Samu Caruaru"},"content":{"rendered":"<p>Iniciando os trabalhos da nova legislatura da C\u00e2mara de Caruaru, o vereador Anderson Correia (PP) destacou a sa\u00fade da regi\u00e3o entre seus primeiros pedidos, solicitando que o Munic\u00edpio emane esfor\u00e7os no sentido de entregar novas ambul\u00e2ncias para o Samu Agreste, com sede em Caruaru. A medida trar\u00e1 diversos benef\u00edcios para a Capital do Agreste e cidades circunvizinhas, com a aplica\u00e7\u00e3o de medidas de suporte b\u00e1sico de vida, al\u00e9m do servi\u00e7o de estabilizar e transportar com velocidade e seguran\u00e7a pacientes v\u00edtimas de traumas. <\/p>\n<p>\u201cNosso mandato trabalha em prol do coletivo, tendo a sa\u00fade como um dos pilares. Por isso, vemos a necessidade de cada vez mais ter outras unidades m\u00f3veis para atender a popula\u00e7\u00e3o, no intuito de evitar o agravamento da condi\u00e7\u00e3o da v\u00edtima de acidentes e outras ocorr\u00eancias, minimizando o sofrimento, prevenindo sequelas e, principalmente, evitando o \u00f3bito, por meio de atendimento com o transporte adequado.<\/p>\n<p>Caso seja atendido, essa n\u00e3o ser\u00e1 a primeira vez que Anderson articula a entrega de uma ambul\u00e2ncia para o Munic\u00edpio. No fim de 2023, o vereador entregou, juntamente com o prefeito Rodrigo Pinheiro, no Complexo Municipal de Sa\u00fade Jacqueline Fernandes da Costa Silva, uma ambul\u00e2ncia para o Samu Caruaru. A unidade m\u00f3vel foi adquirida por meio de uma emenda parlamentar da deputada federal Clarissa T\u00e9rcio (PP), atendendo a uma solicita\u00e7\u00e3o de Correia, que tem a sa\u00fade p\u00fablica como uma de suas pautas.<br \/>\nSeja seguidor do Instagram do Blog pelo @blogdoedvaldomagalhaes<br \/>\nFoto: Vladimir Barreto <\/p>\n","protected":false},"excerpt":{"rendered":"<p>Iniciando os trabalhos da nova legislatura da C\u00e2mara de Caruaru, o vereador Anderson Correia (PP) destacou a sa\u00fade da regi\u00e3o&hellip;<\/p>\n","protected":false},"author":1,"featured_media":116392,"comment_status":"closed","ping_status":"open","sticky":false,"template":"","format":"standard","meta":{"footnotes":""},"categories":[14122],"tags":[32656,32401,27410,13146,20],"class_list":["post-116391","post","type-post","status-publish","format-standard","has-post-thumbnail","hentry","category-politica","tag-anderson-correia-pede-que-municipio-articule-entrega-de-novas-ambulancias-para-o-samu-caruaru","tag-blog-com-mais-acessos","tag-blog-de-caruaru","tag-blog-edvaldo-magalhaes","tag-politica"],"_links":{"self":[{"href":"https:\/\/blogdoedvaldomagalhaes.com.br\/index.php\/wp-json\/wp\/v2\/posts\/116391","targetHints":{"allow":["GET"]}}],"collection":[{"href":"https:\/\/blogdoedvaldomagalhaes.com.br\/index.php\/wp-json\/wp\/v2\/posts"}],"about":[{"href":"https:\/\/blogdoedvaldomagalhaes.com.br\/index.php\/wp-json\/wp\/v2\/types\/post"}],"author":[{"embeddable":true,"href":"https:\/\/blogdoedvaldomagalhaes.com.br\/index.php\/wp-json\/wp\/v2\/users\/1"}],"replies":[{"embeddable":true,"href":"https:\/\/blogdoedvaldomagalhaes.com.br\/index.php\/wp-json\/wp\/v2\/comments?post=116391"}],"version-history":[{"count":2,"href":"https:\/\/blogdoedvaldomagalhaes.com.br\/index.php\/wp-json\/wp\/v2\/posts\/116391\/revisions"}],"predecessor-version":[{"id":116394,"href":"https:\/\/blogdoedvaldomagalhaes.com.br\/index.php\/wp-json\/wp\/v2\/posts\/116391\/revisions\/116394"}],"wp:featuredmedia":[{"embeddable":true,"href":"https:\/\/blogdoedvaldomagalhaes.com.br\/index.php\/wp-json\/wp\/v2\/media\/116392"}],"wp:attachment":[{"href":"https:\/\/blogdoedvaldomagalhaes.com.br\/index.php\/wp-json\/wp\/v2\/media?parent=116391"}],"wp:term":[{"taxonomy":"category","embeddable":true,"href":"https:\/\/blogdoedvaldomagalhaes.com.br\/index.php\/wp-json\/wp\/v2\/categories?post=116391"},{"taxonomy":"post_tag","embeddable":true,"href":"https:\/\/blogdoedvaldomagalhaes.com.br\/index.php\/wp-json\/wp\/v2\/tags?post=116391"}],"curies":[{"name":"wp","href":"https:\/\/api.w.org\/{rel}","templated":true}]}}