{"id":116372,"date":"2025-02-04T08:56:08","date_gmt":"2025-02-04T11:56:08","guid":{"rendered":"https:\/\/blogdoedvaldomagalhaes.com.br\/?p=116372"},"modified":"2025-02-04T08:56:08","modified_gmt":"2025-02-04T11:56:08","slug":"programacao-do-23o-baile-municipal-de-belo-jardim-traz-fulo-de-mandacaru-e-renan-cruz-para-alegrar-os-folioes","status":"publish","type":"post","link":"https:\/\/blogdoedvaldomagalhaes.com.br\/index.php\/2025\/02\/04\/programacao-do-23o-baile-municipal-de-belo-jardim-traz-fulo-de-mandacaru-e-renan-cruz-para-alegrar-os-folioes\/","title":{"rendered":"Programa\u00e7\u00e3o do 23\u00ba Baile Municipal de Belo Jardim traz Ful\u00f4 de Mandacaru e Renan Cruz para alegrar os foli\u00f5es"},"content":{"rendered":"<p>Divulgada a programa\u00e7\u00e3o do 23\u00ba Baile Municipal, festa que faz parte do calend\u00e1rio cultural do munic\u00edpio e contribui para a alegria dos belo-jardinenses e visitantes. A edi\u00e7\u00e3o acontecer\u00e1 no dia 22 de fevereiro, \u00e0s 20h, no Solar dos Flamboyants e contar\u00e1 com nomes como Marc\u00e3o Noventta, Ful\u00f4 de Mandacaru e Renan Cruz.<\/p>\n<p>Com o tema \u201cA Magia das Cores\u201d, o Baile Municipal de Belo Jardim \u00e9 uma realiza\u00e7\u00e3o da Secretaria de Cultura, Turismo e Empreendedorismo e se consolidou na regi\u00e3o como uma das grandes festividades do interior do estado, atraindo um p\u00fablico fiel. Al\u00e9m de nomes conhecidos, a programa\u00e7\u00e3o traz \u00e0 tona o talento dos belo-jardinenses com as apresenta\u00e7\u00f5es do Grupo de Maracatu Boi da Gente, Orquestra de Frevo Malungo e Orquestra Phoenix; uma forma de valoriza\u00e7\u00e3o e visibilidade para os artistas da Terra de M\u00fasicos.<\/p>\n<p>\u201cTenho certeza de que ser\u00e1 mais um ano de um carnaval memor\u00e1vel. Pensamos nas atra\u00e7\u00f5es com muito carinho para atender a todos os p\u00fablicos, ser um baile bem ecl\u00e9tico e planejado com muito respeito, principalmente aos m\u00fasicos da nossa terra. Ao longo dos pr\u00f3ximos dias, vamos anunciar muitas novidades sobre o baile, e eu convido todos a ficarem atentos aos nossos canais de comunica\u00e7\u00e3o oficiais\u201d, enfatizou o titular da pasta, Juliano Silva.<\/p>\n<p>Os ingressos podem ser comprados individualmente, custando R$ 50, ou a mesa para quatro pessoas, por R$ 250, neste primeiro lote. As vendas est\u00e3o sendo realizadas na sede da Secretaria de Cultura, no Bar Ostenta, na Bodega do Joka, pelo WhatsApp (81) 99484-7758 (com Neide) ou atrav\u00e9s do link zticket.com.br.<\/p>\n<p>Confira as atra\u00e7\u00f5es do 23\u00ba Baile Municipal de Belo Jardim:<br \/>\nOrquestra de Frevo Malungo<br \/>\nMarc\u00e3o Noventta<br \/>\nGrupo de Maracatu Boi da Gente<br \/>\nFul\u00f4 de Mandacaru<br \/>\nOrquestra Phoenix<br \/>\nRenan Cruz<br \/>\nArrast\u00e3o do Bacalhau<br \/>\nSeja seguidor do Instagram do Blog pelo @blogdoedvaldomagalhaes<br \/>\nFoto: Divulga\u00e7\u00e3o <\/p>\n","protected":false},"excerpt":{"rendered":"<p>Divulgada a programa\u00e7\u00e3o do 23\u00ba Baile Municipal, festa que faz parte do calend\u00e1rio cultural do munic\u00edpio e contribui para a&hellip;<\/p>\n","protected":false},"author":1,"featured_media":116373,"comment_status":"closed","ping_status":"open","sticky":false,"template":"","format":"standard","meta":{"footnotes":""},"categories":[14120],"tags":[28803,27410,13146,28801,14227,32650],"class_list":["post-116372","post","type-post","status-publish","format-standard","has-post-thumbnail","hentry","category-noticias","tag-blog-com-mais-visualizacoes","tag-blog-de-caruaru","tag-blog-edvaldo-magalhaes","tag-blog-mais-acessado","tag-carnaval","tag-programacao-do-23o-baile-municipal-de-belo-jardim-traz-fulo-de-mandacaru-e-renan-cruz-para-alegrar-os-folioes"],"_links":{"self":[{"href":"https:\/\/blogdoedvaldomagalhaes.com.br\/index.php\/wp-json\/wp\/v2\/posts\/116372","targetHints":{"allow":["GET"]}}],"collection":[{"href":"https:\/\/blogdoedvaldomagalhaes.com.br\/index.php\/wp-json\/wp\/v2\/posts"}],"about":[{"href":"https:\/\/blogdoedvaldomagalhaes.com.br\/index.php\/wp-json\/wp\/v2\/types\/post"}],"author":[{"embeddable":true,"href":"https:\/\/blogdoedvaldomagalhaes.com.br\/index.php\/wp-json\/wp\/v2\/users\/1"}],"replies":[{"embeddable":true,"href":"https:\/\/blogdoedvaldomagalhaes.com.br\/index.php\/wp-json\/wp\/v2\/comments?post=116372"}],"version-history":[{"count":1,"href":"https:\/\/blogdoedvaldomagalhaes.com.br\/index.php\/wp-json\/wp\/v2\/posts\/116372\/revisions"}],"predecessor-version":[{"id":116374,"href":"https:\/\/blogdoedvaldomagalhaes.com.br\/index.php\/wp-json\/wp\/v2\/posts\/116372\/revisions\/116374"}],"wp:featuredmedia":[{"embeddable":true,"href":"https:\/\/blogdoedvaldomagalhaes.com.br\/index.php\/wp-json\/wp\/v2\/media\/116373"}],"wp:attachment":[{"href":"https:\/\/blogdoedvaldomagalhaes.com.br\/index.php\/wp-json\/wp\/v2\/media?parent=116372"}],"wp:term":[{"taxonomy":"category","embeddable":true,"href":"https:\/\/blogdoedvaldomagalhaes.com.br\/index.php\/wp-json\/wp\/v2\/categories?post=116372"},{"taxonomy":"post_tag","embeddable":true,"href":"https:\/\/blogdoedvaldomagalhaes.com.br\/index.php\/wp-json\/wp\/v2\/tags?post=116372"}],"curies":[{"name":"wp","href":"https:\/\/api.w.org\/{rel}","templated":true}]}}