{"id":116315,"date":"2025-01-31T20:36:18","date_gmt":"2025-01-31T23:36:18","guid":{"rendered":"https:\/\/blogdoedvaldomagalhaes.com.br\/?p=116315"},"modified":"2025-01-31T20:36:18","modified_gmt":"2025-01-31T23:36:18","slug":"governadora-raquel-lyra-amplia-programa-do-leite-com-anuncio-da-chegada-da-iniciativa-a-salgueiro-no-sertao-central","status":"publish","type":"post","link":"https:\/\/blogdoedvaldomagalhaes.com.br\/index.php\/2025\/01\/31\/governadora-raquel-lyra-amplia-programa-do-leite-com-anuncio-da-chegada-da-iniciativa-a-salgueiro-no-sertao-central\/","title":{"rendered":"Governadora Raquel Lyra amplia Programa do Leite, com an\u00fancio da chegada da iniciativa a Salgueiro, no Sert\u00e3o Central"},"content":{"rendered":"<p>_Chefe do Executivo Estadual anunciou a inclus\u00e3o de 440 fam\u00edlias salgueirenses, que passar\u00e3o a receber o alimento todos os dias_  <\/p>\n<p>A governadora Raquel Lyra iniciou seu \u00faltimo dia de agenda no Sert\u00e3o do Estado anunciando, nesta sexta-feira (31), a amplia\u00e7\u00e3o do Programa do Leite para o munic\u00edpio de Salgueiro, no Sert\u00e3o Central. Com essa expans\u00e3o, o programa passa a atender 25 cidades de Pernambuco, beneficiando diretamente 39 mil fam\u00edlias em situa\u00e7\u00e3o de vulnerabilidade social e inseguran\u00e7a alimentar. A distribui\u00e7\u00e3o, que chega a 12 mil litros de leite pasteurizado por dia, agora tamb\u00e9m inclui 440 fam\u00edlias salgueirenses, que passar\u00e3o a receber um litro de leite por dia, somando mais de 13,2 mil litros mensais na cidade. A a\u00e7\u00e3o conta com investimentos de R$ 1,7 milh\u00e3o. <\/p>\n<p>\u201cEstamos trabalhando para diminuir a desigualdade em nosso Estado, e a entrega do leite faz diferen\u00e7a na vida dessas fam\u00edlias. Nosso governo precisou reorganizar o programa, que teve diversos problemas no passado. Hoje, celebramos n\u00e3o s\u00f3 o leite na mesa das fam\u00edlias em condi\u00e7\u00f5es de vulnerabilidade social, mas tamb\u00e9m o fortalecimento da cadeia produtiva por meio da gera\u00e7\u00e3o de renda do produtor, promovendo a capta\u00e7\u00e3o, transporte e distribui\u00e7\u00e3o de leite oriundo da agricultura familiar. Dessa forma, fortalecemos economicamente a bacia leiteira do Estado\u201d, ressaltou a governadora, que destacou ainda a constru\u00e7\u00e3o do Instituto de Medicina Legal (IML) no munic\u00edpio, demanda hist\u00f3rica do Sert\u00e3o Central, que est\u00e1 com processo de licita\u00e7\u00e3o em curso.<\/p>\n<p>Desde que o Governo de Pernambuco retomou a distribui\u00e7\u00e3o do leite pasteurizado por meio do Programa de Aquisi\u00e7\u00e3o de Alimentos (PAA Leite) em julho de 2024, j\u00e1 foram entregues mais de 1,3 milh\u00e3o de litros de leite em diversas cidades do Estado. Com um investimento de R$ 12,5 milh\u00f5es, provenientes de recursos federais e contrapartida estadual, o programa tem fortalecido a seguran\u00e7a alimentar e nutricional das popula\u00e7\u00f5es mais vulner\u00e1veis, especialmente crian\u00e7as, gestantes e nutrizes.<\/p>\n<p>De acordo com o secret\u00e1rio de Desenvolvimento Agr\u00e1rio, Agricultura, Pecu\u00e1ria e Pesca, C\u00edcero Moraes, Pernambuco j\u00e1 \u00e9 o maior produtor de leite do Nordeste. \u201c\u00c9 um trabalho conjunto entre a secretaria de Desenvolvimento Agr\u00e1rio e os munic\u00edpios pernambucanos. Essa distribui\u00e7\u00e3o reduz os \u00edndices de desnutri\u00e7\u00e3o e, ao mesmo tempo, ativa a bacia leiteira, ajudando o pequeno criador e o pequeno produtor. O Governo do Estado vai comprar essa produ\u00e7\u00e3o e distribuir para quem mais precisa. O leite \u00e9 fornecido todos os dias atrav\u00e9s dos Centros de Refer\u00eancia de Assist\u00eancia Social (CRAS) dos munic\u00edpios. A popula\u00e7\u00e3o deve se dirigir ao CRAS municipal, que faz o cadastramento junto \u00e0s fam\u00edlias que apresentam um elevado \u00edndice de desnutri\u00e7\u00e3o\u201d, detalhou o titular da pasta.<\/p>\n<p>O prefeito de Salgueiro, Fabinho Lisandro, celebrou a chegada da iniciativa no munic\u00edpio. \u201cAl\u00e9m de ajudar na nutri\u00e7\u00e3o das crian\u00e7as que tanto precisam, tamb\u00e9m fomenta a nossa economia. Ser\u00e3o produzidos, por pecuaristas salgueirenses, mais de 600 litros de leite por dia. Isso faz com que a economia gire, e que a bacia leiteira do nosso Sert\u00e3o, que \u00e9 t\u00e3o carente e sofrida, volte a ter uma oportunidade de escoamento com pre\u00e7o justo. A gente s\u00f3 tem a agradecer ao Governo do Estado, que tem um olhar especial para os que mais precisam\u201d, agradeceu o gestor municipal.<\/p>\n<p>Luciana Maria dos Santos, de 40 anos, \u00e9 m\u00e3e de quatro filhos e foi uma das beneficiadas no munic\u00edpio. \u201c\u00c9 muito boa a iniciativa do Governo do Estado, porque auxilia na alimenta\u00e7\u00e3o dos nossos filhos, al\u00e9m de ser uma economia para a gente. Tenho um filho de tr\u00eas anos com Transtorno de Espectro Autista e, com essa economia, j\u00e1 posso comprar os rem\u00e9dios que ele precisa. Tamb\u00e9m recebo o M\u00e3es de Pernambuco. A governadora est\u00e1 se destacando, cada vez mais, na ajuda a quem mais precisa\u201d, agradeceu.<\/p>\n<p>*CIDADES BENEFICIADAS* &#8211; Al\u00e9m de Salgueiro, o PAA Leite j\u00e1 beneficia as cidades de Flores, Triunfo, Serrita, Parnamirim, Pedra, Ita\u00edba, Tupanatinga, Bu\u00edque, Arcoverde, Cust\u00f3dia, Ibimirim, S\u00e3o Caetano, Tacaimb\u00f3, Caruaru, Belo Jardim, Manari, Alagoinha, Pesqueira, Tabira, Serra Talhada, Agrestina, Sanhar\u00f3, Sert\u00e2nia e S\u00e3o Jos\u00e9 do Belmonte.<\/p>\n<p>Presente na solenidade, o deputado estadual Jo\u00e3ozinho Ten\u00f3rio agradeceu o olhar atento do Governo do Estado. \u201cAs a\u00e7\u00f5es do governo n\u00e3o podem ficar apenas na Regi\u00e3o Metropolitana e o retorno do programa do leite \u00e9 mais uma demonstra\u00e7\u00e3o do olhar cuidadoso para o interior de Pernambuco, sobretudo no combate \u00e0 fome. Ser\u00e3o 39 mil fam\u00edlias beneficiadas, que se somam \u00e0s a\u00e7\u00f5es do M\u00e3es de Pernambuco e das cozinhas comunit\u00e1rias\u201d, destacou o parlamentar. <\/p>\n<p>Hoje, as fam\u00edlias contempladas pelo PAA Leite est\u00e3o nas regi\u00f5es onde houve ades\u00e3o por chamada p\u00fablica de cooperativas, com a capta\u00e7\u00e3o do leite comprado de mais de 300 produtores familiares das regi\u00f5es do Agreste Meridional, Agreste Central, Sert\u00e3o do Moxot\u00f3, Sert\u00e3o Central e Sert\u00e3o do Paje\u00fa. O leite \u00e9 pasteurizado, embalado e enviado aos pontos de distribui\u00e7\u00e3o. <\/p>\n<p>Participaram da solenidade os prefeitos Teto Teixeira (Moreil\u00e2ndia), Mucio Angelim (Parnamirim), Xic\u00e3o Tavares (Verdejantes) e Dinha Moror\u00f3 (Terra Nova), e Emmanuel Sampaio (vice-prefeito de Salgueiro); o presidente da Cooperativa dos Produtores Rurais de Luanda (COOPAL), Givaldo Magalh\u00e3es; al\u00e9m dos secret\u00e1rios estaduais T\u00falio Vila\u00e7a (Casa Civil) e Diogo Bezerra (Mobilidade e Infraestrutura).<br \/>\nFoto: Jana\u00edna Pepeu\/Secom<br \/>\nSiga o Instagram do Blog pelo @blogdoedvaldomagalhaes<\/p>\n","protected":false},"excerpt":{"rendered":"<p>_Chefe do Executivo Estadual anunciou a inclus\u00e3o de 440 fam\u00edlias salgueirenses, que passar\u00e3o a receber o alimento todos os dias_&hellip;<\/p>\n","protected":false},"author":1,"featured_media":116316,"comment_status":"closed","ping_status":"open","sticky":false,"template":"","format":"standard","meta":{"footnotes":""},"categories":[14122],"tags":[29440,2,28801,32636,20],"class_list":["post-116315","post","type-post","status-publish","format-standard","has-post-thumbnail","hentry","category-politica","tag-blog-com-mais-visualizacao","tag-blog-do-edvaldo-magalhaes","tag-blog-mais-acessado","tag-governadora-raquel-lyra-amplia-programa-do-leite-com-anuncio-da-chegada-da-iniciativa-a-salgueiro-no-sertao-central","tag-politica"],"_links":{"self":[{"href":"https:\/\/blogdoedvaldomagalhaes.com.br\/index.php\/wp-json\/wp\/v2\/posts\/116315","targetHints":{"allow":["GET"]}}],"collection":[{"href":"https:\/\/blogdoedvaldomagalhaes.com.br\/index.php\/wp-json\/wp\/v2\/posts"}],"about":[{"href":"https:\/\/blogdoedvaldomagalhaes.com.br\/index.php\/wp-json\/wp\/v2\/types\/post"}],"author":[{"embeddable":true,"href":"https:\/\/blogdoedvaldomagalhaes.com.br\/index.php\/wp-json\/wp\/v2\/users\/1"}],"replies":[{"embeddable":true,"href":"https:\/\/blogdoedvaldomagalhaes.com.br\/index.php\/wp-json\/wp\/v2\/comments?post=116315"}],"version-history":[{"count":1,"href":"https:\/\/blogdoedvaldomagalhaes.com.br\/index.php\/wp-json\/wp\/v2\/posts\/116315\/revisions"}],"predecessor-version":[{"id":116317,"href":"https:\/\/blogdoedvaldomagalhaes.com.br\/index.php\/wp-json\/wp\/v2\/posts\/116315\/revisions\/116317"}],"wp:featuredmedia":[{"embeddable":true,"href":"https:\/\/blogdoedvaldomagalhaes.com.br\/index.php\/wp-json\/wp\/v2\/media\/116316"}],"wp:attachment":[{"href":"https:\/\/blogdoedvaldomagalhaes.com.br\/index.php\/wp-json\/wp\/v2\/media?parent=116315"}],"wp:term":[{"taxonomy":"category","embeddable":true,"href":"https:\/\/blogdoedvaldomagalhaes.com.br\/index.php\/wp-json\/wp\/v2\/categories?post=116315"},{"taxonomy":"post_tag","embeddable":true,"href":"https:\/\/blogdoedvaldomagalhaes.com.br\/index.php\/wp-json\/wp\/v2\/tags?post=116315"}],"curies":[{"name":"wp","href":"https:\/\/api.w.org\/{rel}","templated":true}]}}