{"id":116307,"date":"2025-01-31T18:28:51","date_gmt":"2025-01-31T21:28:51","guid":{"rendered":"https:\/\/blogdoedvaldomagalhaes.com.br\/?p=116307"},"modified":"2025-01-31T18:29:25","modified_gmt":"2025-01-31T21:29:25","slug":"os-cuidados-com-a-conjuntivite-no-verao","status":"publish","type":"post","link":"https:\/\/blogdoedvaldomagalhaes.com.br\/index.php\/2025\/01\/31\/os-cuidados-com-a-conjuntivite-no-verao\/","title":{"rendered":"Os cuidados com a conjuntivite no Ver\u00e3o"},"content":{"rendered":"<p><span style=\"font-size: revert\">A conjuntivite \u00e9 uma inflama\u00e7\u00e3o da conjuntiva \u2013 a membrana fina e transparente que reveste a parte branca dos olhos e o interior das p\u00e1lpebras. A doen\u00e7a pode ser causada por v\u00edrus, bact\u00e9rias, alergias ou fatores irritantes como poeira e fuma\u00e7a.<\/span><\/p>\n<p>Segundo a m\u00e9dica oftalmologista Manuela Ten\u00f3rio, a transmiss\u00e3o ocorre, principalmente, pelo contato direto com secre\u00e7\u00f5es oculares ou superf\u00edcies contaminadas, sendo mais comum em ambientes fechados e de grande circula\u00e7\u00e3o.<\/p>\n<p>\u201cA forma viral \u00e9 altamente contagiosa, enquanto a bacteriana pode se espalhar por m\u00e1 higiene ou compartilhamento de itens pessoais, como toalhas e travesseiros\u201d.<\/p>\n<p>Os sintomas da conjuntivite incluem vermelhid\u00e3o nos olhos, sensa\u00e7\u00e3o de areia ou corpo estranho, coceira, lacrimejamento excessivo, e, em alguns casos, secre\u00e7\u00e3o amarelada ou esverdeada. &#8220;Se os olhos apresentarem incha\u00e7o, dor intensa ou sensibilidade \u00e0 luz, \u00e9 importante buscar um oftalmologista imediatamente&#8221;, alerta Dra. Manuela Ten\u00f3rio. Al\u00e9m disso, a vis\u00e3o turva pode ser um indicativo de que a inflama\u00e7\u00e3o est\u00e1 mais grave ou associada a outras condi\u00e7\u00f5es.<\/p>\n<p>N\u00e3o tratar a conjuntivite de maneira adequada pode trazer complica\u00e7\u00f5es, como infec\u00e7\u00f5es mais profundas nos olhos ou at\u00e9 mesmo problemas permanentes na vis\u00e3o. A forma viral, por exemplo, pode evoluir para ceratite, uma inflama\u00e7\u00e3o da c\u00f3rnea, se n\u00e3o for tratada corretamente. J\u00e1 a forma bacteriana, quando negligenciada, pode levar a infec\u00e7\u00f5es mais severas. A Dra. Manuela ressalta que &#8220;ignorar os sintomas ou automedicar-se pode prolongar a doen\u00e7a e aumentar os riscos de contamina\u00e7\u00e3o para outras pessoas&#8221;.<br \/>\nCr\u00e9ditos: Freepik.<br \/>\nSeja seguidor do Instagram do Blog e comente<\/p>\n<p><span style=\"font-size: revert\"><img loading=\"lazy\" decoding=\"async\" src=\"https:\/\/blogdoedvaldomagalhaes.com.br\/wp-content\/uploads\/2025\/01\/3a81d7ce-318f-4176-9dd8-261ad3217110-1.jpg\" class=\"size-full wp-image-116310\" width=\"1200\" height=\"1600\" srcset=\"https:\/\/blogdoedvaldomagalhaes.com.br\/wp-content\/uploads\/2025\/01\/3a81d7ce-318f-4176-9dd8-261ad3217110-1.jpg 1200w, https:\/\/blogdoedvaldomagalhaes.com.br\/wp-content\/uploads\/2025\/01\/3a81d7ce-318f-4176-9dd8-261ad3217110-1-225x300.jpg 225w, https:\/\/blogdoedvaldomagalhaes.com.br\/wp-content\/uploads\/2025\/01\/3a81d7ce-318f-4176-9dd8-261ad3217110-1-768x1024.jpg 768w, https:\/\/blogdoedvaldomagalhaes.com.br\/wp-content\/uploads\/2025\/01\/3a81d7ce-318f-4176-9dd8-261ad3217110-1-1152x1536.jpg 1152w\" sizes=\"auto, (max-width: 1200px) 100vw, 1200px\" \/><\/span><\/p>\n<p><span style=\"font-size: revert\">Foto: Divulga\u00e7\u00e3o <\/span><\/p>\n","protected":false},"excerpt":{"rendered":"<p>A conjuntivite \u00e9 uma inflama\u00e7\u00e3o da conjuntiva \u2013 a membrana fina e transparente que reveste a parte branca dos olhos&hellip;<\/p>\n","protected":false},"author":1,"featured_media":116308,"comment_status":"closed","ping_status":"open","sticky":false,"template":"","format":"standard","meta":{"footnotes":""},"categories":[14120],"tags":[31914,27410,13146,28801,32632],"class_list":["post-116307","post","type-post","status-publish","format-standard","has-post-thumbnail","hentry","category-noticias","tag-blog-com-mais-informacoes","tag-blog-de-caruaru","tag-blog-edvaldo-magalhaes","tag-blog-mais-acessado","tag-os-cuidados-com-a-conjuntivite-no-verao"],"_links":{"self":[{"href":"https:\/\/blogdoedvaldomagalhaes.com.br\/index.php\/wp-json\/wp\/v2\/posts\/116307","targetHints":{"allow":["GET"]}}],"collection":[{"href":"https:\/\/blogdoedvaldomagalhaes.com.br\/index.php\/wp-json\/wp\/v2\/posts"}],"about":[{"href":"https:\/\/blogdoedvaldomagalhaes.com.br\/index.php\/wp-json\/wp\/v2\/types\/post"}],"author":[{"embeddable":true,"href":"https:\/\/blogdoedvaldomagalhaes.com.br\/index.php\/wp-json\/wp\/v2\/users\/1"}],"replies":[{"embeddable":true,"href":"https:\/\/blogdoedvaldomagalhaes.com.br\/index.php\/wp-json\/wp\/v2\/comments?post=116307"}],"version-history":[{"count":2,"href":"https:\/\/blogdoedvaldomagalhaes.com.br\/index.php\/wp-json\/wp\/v2\/posts\/116307\/revisions"}],"predecessor-version":[{"id":116311,"href":"https:\/\/blogdoedvaldomagalhaes.com.br\/index.php\/wp-json\/wp\/v2\/posts\/116307\/revisions\/116311"}],"wp:featuredmedia":[{"embeddable":true,"href":"https:\/\/blogdoedvaldomagalhaes.com.br\/index.php\/wp-json\/wp\/v2\/media\/116308"}],"wp:attachment":[{"href":"https:\/\/blogdoedvaldomagalhaes.com.br\/index.php\/wp-json\/wp\/v2\/media?parent=116307"}],"wp:term":[{"taxonomy":"category","embeddable":true,"href":"https:\/\/blogdoedvaldomagalhaes.com.br\/index.php\/wp-json\/wp\/v2\/categories?post=116307"},{"taxonomy":"post_tag","embeddable":true,"href":"https:\/\/blogdoedvaldomagalhaes.com.br\/index.php\/wp-json\/wp\/v2\/tags?post=116307"}],"curies":[{"name":"wp","href":"https:\/\/api.w.org\/{rel}","templated":true}]}}