{"id":116303,"date":"2025-01-31T17:34:26","date_gmt":"2025-01-31T20:34:26","guid":{"rendered":"https:\/\/blogdoedvaldomagalhaes.com.br\/?p=116303"},"modified":"2025-01-31T17:34:26","modified_gmt":"2025-01-31T20:34:26","slug":"confira-a-programacao-e-homenageados-do-pre-carnaval-multicultural-2025","status":"publish","type":"post","link":"https:\/\/blogdoedvaldomagalhaes.com.br\/index.php\/2025\/01\/31\/confira-a-programacao-e-homenageados-do-pre-carnaval-multicultural-2025\/","title":{"rendered":"Confira a programa\u00e7\u00e3o e homenageados do Pr\u00e9-Carnaval Multicultural 2025"},"content":{"rendered":"<p>A Funda\u00e7\u00e3o de Cultura de Caruaru divulgou, nesta sexta-feira (31.01), a programa\u00e7\u00e3o e os homenageados do Pr\u00e9-Carnaval Multicultural 2025. Nesta edi\u00e7\u00e3o, o evento contar\u00e1 com novidades como a abertura no Mercado Cultural Casa Rosa, a realiza\u00e7\u00e3o de cortejo com trio el\u00e9trico e uma data dedicada ao p\u00fablico infantil.<\/p>\n<p>A abertura oficial ser\u00e1 no dia 15 de fevereiro, com a retomada do funcionamento do Mercado Cultural Casa Rosa. A reabertura do espa\u00e7o contar\u00e1 com shows a partir das 11h30.<\/p>\n<p>A partir do dia 21 de fevereiro, as comemora\u00e7\u00f5es tamb\u00e9m tomar\u00e3o conta do centro da cidade. \u00c0s 19h, blocos, agremia\u00e7\u00f5es, orquestras e bois ir\u00e3o compor um cortejo de abertura com sa\u00edda do Letreiro de Caruaru em dire\u00e7\u00e3o ao Polo Carlos Fernando, na Esta\u00e7\u00e3o Ferrovi\u00e1ria. <\/p>\n<p>No s\u00e1bado (22), al\u00e9m do apoio ao tradicional Bloco da Sucata, a programa\u00e7\u00e3o acontecer\u00e1 em mais cinco polos: Polo Carlos Fernando, Polo da Inclus\u00e3o, Polo Alternativo, Polo Eletr\u00f4nico e Polo Maestro Aurino, que \u00e9 uma novidade da edi\u00e7\u00e3o e reunir\u00e1 orquestras de frevo. <\/p>\n<p>Para encerrar a programa\u00e7\u00e3o, o domingo (23) contar\u00e1 com uma programa\u00e7\u00e3o dedicada ao p\u00fablico infantil, intitulada Brincantes em Folia. A partir das 9h30, os pequenos poder\u00e3o curtir apresenta\u00e7\u00f5es de palha\u00e7os, malabares, pintura facial, brinquedos e momentos l\u00fadicos.<\/p>\n<p>*Homenageados*<\/p>\n<p>Nesta edi\u00e7\u00e3o, o Pr\u00e9-Carnaval Multicultural de Caruaru ter\u00e1 como homenageados o guitarrista, compositor, arranjador e produtor musical Paulo Rafael (in memoriam) e o m\u00fasico e professor Maestro Aurino.<\/p>\n<p>Natural da Rua Preta, em Caruaru, Paulo Rafael foi refer\u00eancia da guitarra a n\u00edvel nacional. Al\u00e9m dos mais de 40 anos de parceria com Alceu Valen\u00e7a, o guitarrista atuou em projetos de artistas consagrados como Caetano Veloso, Gillberto Gil, C\u00e1ssia Eller, Z\u00e9 Ramalho, Marina Lima e Elba Ramalho. Entre as m\u00fasicas que comp\u00f4s os arranjos, est\u00e3o sucessos como \u2018Vaca Profana\u2019, \u2018Tempo Rei\u2019 e \u2018Cora\u00e7\u00e3o Bobo\u2019.<\/p>\n<p>Maestro Aurino tamb\u00e9m \u00e9 uma figura emblem\u00e1tica da cultura caruaruense. Habilitado em M\u00fasica, iniciou suas atividades como instrutor de banda marcial em 1971 na Escola Municipal \u00c1lvaro Lins. Entre 1984 e 2007, atuou na banda municipal Prof. Machadinho realizando v\u00e1rias apresenta\u00e7\u00f5es em v\u00e1rios munic\u00edpios. Ap\u00f3s a desativa\u00e7\u00e3o da banda, continuou ensinando m\u00fasica na Casa de Cultura Jos\u00e9 Cond\u00e9 at\u00e9 sua aposentadoria, em 2021.<\/p>\n<p>*CredFolia*<\/p>\n<p>Durante a coletiva, tamb\u00e9m foi anunciada a parceira com a linha de cr\u00e9dito CredFolia, da Ag\u00eancia de Empreendedorismo do Estado (AGE-PE), que oferece incentivos de at\u00e9 R$ 21 mil para empreendedores que atuar\u00e3o na festa. <\/p>\n<p>Com taxa de juros de 0,60% e prazo de at\u00e9 24 meses, o financiamento pode ser usado para compra de materiais, contrata\u00e7\u00e3o tempor\u00e1ria, forma\u00e7\u00e3o de capital de giro ou reformas estruturais. <\/p>\n<p>*Confira a programa\u00e7\u00e3o completa:*<\/p>\n<p>*\u2022 Polo Casa Rosa (Mercado Cultural Casa Rosa)*<\/p>\n<p>*S\u00e1bado | 15\/02*<br \/>\n&#8211; Orquestra de Frevo Seu Quequ\u00e9<br \/>\n&#8211; \u2060Nuwe El\u00e9trico<br \/>\n&#8211; \u2060Erisson Porto<\/p>\n<p>*\u2022 Polo da Sucata (Rua Jo\u00e3o Cond\u00e9)*<\/p>\n<p>*S\u00e1bado | 22\/02*<br \/>\n&#8211; Sambadeiras<br \/>\n&#8211; \u2060Alm\u00e9rio<br \/>\n&#8211; \u2060Maestro Forr\u00f3<br \/>\n&#8211; \u2060Nuwe<\/p>\n<p>*\u2022 Polo Carlos Fernando (Esta\u00e7\u00e3o Ferrovi\u00e1ria)*<\/p>\n<p>*Sexta-feira | 21\/02*<br \/>\n&#8211; Cortejo de Abertura (Sa\u00edda: Letreiro de Caruaru)<br \/>\n&#8211; Douglas Leon<br \/>\n&#8211; PV Calado El\u00e9trico<br \/>\n&#8211; Pa\u00e7o e Folia (Maestro Cl\u00eanio Lima, Silv\u00e9rio Pessoa, Frevo S.A, JV, Sebastian Silva e Maestro Waltinho D\u2019Souza)<\/p>\n<p>*S\u00e1bado | 22\/02*<br \/>\n&#8211; CaruFolia (N\u00e1dia Maia, Thayse Dias, Azulinho e Renan Cruz)<br \/>\n&#8211; Projeto Samba e Ax\u00e9 (Colibri Brasil, Wanessa Roger, Humberto Bonny e Derso Luiz)<br \/>\n&#8211; Elifas J\u00fanior 40 anos<\/p>\n<p>*Domingo | 23\/02*<br \/>\n&#8211; Brincantes em Folia (Malabares, apresenta\u00e7\u00e3o de palha\u00e7os, pintura facial, brinquedos e momentos l\u00fadicos infantis)<\/p>\n<p>*\u2022 Polo da Inclus\u00e3o (Rua dos Expedicion\u00e1rios)*<\/p>\n<p>*S\u00e1bado | 22\/02*<br \/>\n&#8211; As Ful\u00f4<br \/>\n&#8211; Banda Segnos<br \/>\n&#8211; Kak\u00e1 Kantarelli<\/p>\n<p>*\u2022 Polo Maestro Aurino (Banco do Brasil)*<\/p>\n<p>*S\u00e1bado | 22\/02*<br \/>\n&#8211; Orquestra Bilu Teteia<br \/>\n&#8211; Orquestra Nova Euterpe<br \/>\n&#8211; Orquestra S\u00f3 Frevo<br \/>\n&#8211; Niba e Orquestra<br \/>\n&#8211; Orquestra Maestro Budi\u00e3o<br \/>\n&#8211; Orquestra Frevo Mais<\/p>\n<p>*\u2022 Polo Alternativo (Esta\u00e7\u00e3o Ferrovi\u00e1ria)*<\/p>\n<p>*S\u00e1bado | 22\/02*<br \/>\n&#8211; Cigano El\u00e9trico (part. J\u00f4 Santanna e Nerilson Buscap\u00e9)<br \/>\n&#8211; Robson Estilozoz<br \/>\n&#8211; Sangue de Barro (part. Nanny Melo)<br \/>\n&#8211; Alkymenia (part. XAge)<\/p>\n<p>*\u2022 Polo Eletr\u00f4nico (Esta\u00e7\u00e3o Ferrovi\u00e1ria)*<\/p>\n<p>*S\u00e1bado | 22\/02*<br \/>\n&#8211; Bloco S\u00f3 tem Doido Ano V<br \/>\nDJ Nino do Rap<br \/>\nDJ Vibe Trip<br \/>\nDJ Suculenta<br \/>\nDJ Suka<br \/>\nDJ Gibbs<br \/>\nDJ Skandaz<br \/>\nDJ Intr\u00ednseca<br \/>\nDJ Morest<\/p>\n<p>*\u2022 Circuito Aldo Teixeira (Avenida Rio Branco &#8211; Esta\u00e7\u00e3o Ferrovi\u00e1ria)*<\/p>\n<p>*S\u00e1bado | 22\/02*<br \/>\n&#8211; Orquestra do Pez\u00e3o<br \/>\n&#8211; Boi Tira Teima<br \/>\n&#8211; Orquestra Se Vira nos 30<br \/>\n&#8211; Boi Surubim<br \/>\n&#8211; Mestre Tet\u00ea de Omul\u00fa<br \/>\n&#8211; Orquestra Frevo Arretado<br \/>\n&#8211; Boi Nelore<br \/>\n&#8211; Or\u00ed de Dan\u00e7a \/ Cap Olodum<br \/>\n&#8211; Orquestra Mega Frevo Caru\u00e1<br \/>\n&#8211; Pernas de Pau<br \/>\n&#8211; Excesso de Bagagem (Trio Minhoc\u00e3o).<br \/>\nSiga o Instagram do Blog e comente<br \/>\nFoto: Arquivo\/Divulga\u00e7\u00e3o\/Secom\/PMC<\/p>\n","protected":false},"excerpt":{"rendered":"<p>A Funda\u00e7\u00e3o de Cultura de Caruaru divulgou, nesta sexta-feira (31.01), a programa\u00e7\u00e3o e os homenageados do Pr\u00e9-Carnaval Multicultural 2025. Nesta&hellip;<\/p>\n","protected":false},"author":1,"featured_media":66582,"comment_status":"closed","ping_status":"open","sticky":false,"template":"","format":"standard","meta":{"footnotes":""},"categories":[14120],"tags":[28803,27410,2,28801,14227,32631],"class_list":["post-116303","post","type-post","status-publish","format-standard","has-post-thumbnail","hentry","category-noticias","tag-blog-com-mais-visualizacoes","tag-blog-de-caruaru","tag-blog-do-edvaldo-magalhaes","tag-blog-mais-acessado","tag-carnaval","tag-confira-a-programacao-e-homenageados-do-pre-carnaval-multicultural-2025"],"_links":{"self":[{"href":"https:\/\/blogdoedvaldomagalhaes.com.br\/index.php\/wp-json\/wp\/v2\/posts\/116303","targetHints":{"allow":["GET"]}}],"collection":[{"href":"https:\/\/blogdoedvaldomagalhaes.com.br\/index.php\/wp-json\/wp\/v2\/posts"}],"about":[{"href":"https:\/\/blogdoedvaldomagalhaes.com.br\/index.php\/wp-json\/wp\/v2\/types\/post"}],"author":[{"embeddable":true,"href":"https:\/\/blogdoedvaldomagalhaes.com.br\/index.php\/wp-json\/wp\/v2\/users\/1"}],"replies":[{"embeddable":true,"href":"https:\/\/blogdoedvaldomagalhaes.com.br\/index.php\/wp-json\/wp\/v2\/comments?post=116303"}],"version-history":[{"count":1,"href":"https:\/\/blogdoedvaldomagalhaes.com.br\/index.php\/wp-json\/wp\/v2\/posts\/116303\/revisions"}],"predecessor-version":[{"id":116304,"href":"https:\/\/blogdoedvaldomagalhaes.com.br\/index.php\/wp-json\/wp\/v2\/posts\/116303\/revisions\/116304"}],"wp:featuredmedia":[{"embeddable":true,"href":"https:\/\/blogdoedvaldomagalhaes.com.br\/index.php\/wp-json\/wp\/v2\/media\/66582"}],"wp:attachment":[{"href":"https:\/\/blogdoedvaldomagalhaes.com.br\/index.php\/wp-json\/wp\/v2\/media?parent=116303"}],"wp:term":[{"taxonomy":"category","embeddable":true,"href":"https:\/\/blogdoedvaldomagalhaes.com.br\/index.php\/wp-json\/wp\/v2\/categories?post=116303"},{"taxonomy":"post_tag","embeddable":true,"href":"https:\/\/blogdoedvaldomagalhaes.com.br\/index.php\/wp-json\/wp\/v2\/tags?post=116303"}],"curies":[{"name":"wp","href":"https:\/\/api.w.org\/{rel}","templated":true}]}}