{"id":116299,"date":"2025-01-31T14:54:33","date_gmt":"2025-01-31T17:54:33","guid":{"rendered":"https:\/\/blogdoedvaldomagalhaes.com.br\/?p=116299"},"modified":"2025-01-31T14:54:33","modified_gmt":"2025-01-31T17:54:33","slug":"amc-vai-iniciar-a-campanha-volta-as-aulas-2025","status":"publish","type":"post","link":"https:\/\/blogdoedvaldomagalhaes.com.br\/index.php\/2025\/01\/31\/amc-vai-iniciar-a-campanha-volta-as-aulas-2025\/","title":{"rendered":"AMC vai iniciar a Campanha Volta \u00e0s Aulas 2025"},"content":{"rendered":"<p>A Autarquia de Mobilidade de Caruaru (AMC), atrav\u00e9s da Ger\u00eancia de Educa\u00e7\u00e3o para o Tr\u00e2nsito (Getran), inicia, nesta segunda-feira (03), a Campanha Volta \u00e0s Aulas do primeiro semestre das escolas da rede p\u00fablica de ensino. As a\u00e7\u00f5es ocorrer\u00e3o em parceria com a Secretaria de Educa\u00e7\u00e3o e Esportes (SEDUC) e re\u00fanem orienta\u00e7\u00f5es para estudantes e pais, com o projeto &#8220;Educa\u00e7\u00e3o: o exemplo come\u00e7a em casa.&#8221;. Esta a\u00e7\u00e3o tem como macro projeto o &#8220;Caruaru Transitando Seguro&#8221;.<\/p>\n<p>As a\u00e7\u00f5es de Volta \u00e0s Aulas 2025 ser\u00e3o realizadas por equipes compostas de arte-educadores, agentes de tr\u00e2nsito e servidores da Autarquia. \u201cPromover essa a\u00e7\u00e3o no tr\u00e2nsito durante o in\u00edcio das aulas \u00e9 de fundamental import\u00e2ncia para a seguran\u00e7a dos estudantes. A intera\u00e7\u00e3o com os arte-educadores promovendo a\u00e7\u00f5es de conscientiza\u00e7\u00e3o n\u00e3o s\u00f3 para os alunos, mas tamb\u00e9m para os pais e motorista de \u00f4nibus escolares\u201d, comentou Cel. Edson N\u00f3brega, presidente da AMC. <\/p>\n<p>O C\u00f3digo de Tr\u00e2nsito Brasileiro (CTB) disciplina a\u00e7\u00f5es espec\u00edficas relacionadas com a crian\u00e7a no tr\u00e2nsito. No tocante \u00e0 educa\u00e7\u00e3o, a Secretaria Nacional de Tr\u00e2nsito (Senatran) segue desenvolvendo estudos para defini\u00e7\u00e3o das diretrizes nacionais da educa\u00e7\u00e3o para o tr\u00e2nsito no ensino b\u00e1sico (Art. 76). Torna-se pertinente que a educa\u00e7\u00e3o no tr\u00e2nsito seja implementada e aplicada no contexto escolar, atendendo \u00e0s instru\u00e7\u00f5es e disposi\u00e7\u00f5es do C\u00f3digo de Tr\u00e2nsito Brasileiro (CTB). Foto: Divulga\u00e7\u00e3o\/Secom<br \/>\nSiga o Instagram do Blog pelo @blogdoedvaldomagalhaes<\/p>\n","protected":false},"excerpt":{"rendered":"<p>A Autarquia de Mobilidade de Caruaru (AMC), atrav\u00e9s da Ger\u00eancia de Educa\u00e7\u00e3o para o Tr\u00e2nsito (Getran), inicia, nesta segunda-feira (03),&hellip;<\/p>\n","protected":false},"author":1,"featured_media":116300,"comment_status":"closed","ping_status":"open","sticky":false,"template":"","format":"standard","meta":{"footnotes":""},"categories":[14120],"tags":[32630,29440,27410,13146,28801],"class_list":["post-116299","post","type-post","status-publish","format-standard","has-post-thumbnail","hentry","category-noticias","tag-amc-inicia-campanha-volta-as-aulas-2025","tag-blog-com-mais-visualizacao","tag-blog-de-caruaru","tag-blog-edvaldo-magalhaes","tag-blog-mais-acessado"],"_links":{"self":[{"href":"https:\/\/blogdoedvaldomagalhaes.com.br\/index.php\/wp-json\/wp\/v2\/posts\/116299","targetHints":{"allow":["GET"]}}],"collection":[{"href":"https:\/\/blogdoedvaldomagalhaes.com.br\/index.php\/wp-json\/wp\/v2\/posts"}],"about":[{"href":"https:\/\/blogdoedvaldomagalhaes.com.br\/index.php\/wp-json\/wp\/v2\/types\/post"}],"author":[{"embeddable":true,"href":"https:\/\/blogdoedvaldomagalhaes.com.br\/index.php\/wp-json\/wp\/v2\/users\/1"}],"replies":[{"embeddable":true,"href":"https:\/\/blogdoedvaldomagalhaes.com.br\/index.php\/wp-json\/wp\/v2\/comments?post=116299"}],"version-history":[{"count":1,"href":"https:\/\/blogdoedvaldomagalhaes.com.br\/index.php\/wp-json\/wp\/v2\/posts\/116299\/revisions"}],"predecessor-version":[{"id":116301,"href":"https:\/\/blogdoedvaldomagalhaes.com.br\/index.php\/wp-json\/wp\/v2\/posts\/116299\/revisions\/116301"}],"wp:featuredmedia":[{"embeddable":true,"href":"https:\/\/blogdoedvaldomagalhaes.com.br\/index.php\/wp-json\/wp\/v2\/media\/116300"}],"wp:attachment":[{"href":"https:\/\/blogdoedvaldomagalhaes.com.br\/index.php\/wp-json\/wp\/v2\/media?parent=116299"}],"wp:term":[{"taxonomy":"category","embeddable":true,"href":"https:\/\/blogdoedvaldomagalhaes.com.br\/index.php\/wp-json\/wp\/v2\/categories?post=116299"},{"taxonomy":"post_tag","embeddable":true,"href":"https:\/\/blogdoedvaldomagalhaes.com.br\/index.php\/wp-json\/wp\/v2\/tags?post=116299"}],"curies":[{"name":"wp","href":"https:\/\/api.w.org\/{rel}","templated":true}]}}