{"id":116296,"date":"2025-01-31T14:47:08","date_gmt":"2025-01-31T17:47:08","guid":{"rendered":"https:\/\/blogdoedvaldomagalhaes.com.br\/?p=116296"},"modified":"2025-01-31T14:47:08","modified_gmt":"2025-01-31T17:47:08","slug":"morre-ex-vereador-de-caruaru-mizael-martins","status":"publish","type":"post","link":"https:\/\/blogdoedvaldomagalhaes.com.br\/index.php\/2025\/01\/31\/morre-ex-vereador-de-caruaru-mizael-martins\/","title":{"rendered":"Morre ex-vereador de Caruaru, Mizael Martins"},"content":{"rendered":"<p>Morreu nesta sexta-feira (31), aos 89 anos, o ex-vereador de Caruaru Mizael Martins, figura hist\u00f3rica da pol\u00edtica local e militante no campo da esquerda. Com uma trajet\u00f3ria marcada pela luta contra a ditadura militar nos chamados anos de chumbo, Mizael sempre esteve envolvido nas causas populares e na defesa da democracia.<\/p>\n<p>Ele exerceu mandato na C\u00e2mara Municipal de Caruaru entre 1994 e 1998, pelo PSC, e ao longo da vida disputou diversas elei\u00e7\u00f5es na cidade. Sua atua\u00e7\u00e3o pol\u00edtica era pautada no compromisso com a justi\u00e7a social e nos ideais progressistas que nortearam sua milit\u00e2ncia desde a juventude.<\/p>\n<p>Reconhecido por seu posicionamento firme e por sua contribui\u00e7\u00e3o \u00e0 pol\u00edtica caruaruense, Mizael Martins deixa um legado de resist\u00eancia e dedica\u00e7\u00e3o ao povo. Sua trajet\u00f3ria inspirou gera\u00e7\u00f5es e marcou a hist\u00f3ria do munic\u00edpio, especialmente no enfrentamento aos desafios do per\u00edodo ditatorial e na defesa dos direitos dos trabalhadores.<\/p>\n<p>A fam\u00edlia ainda n\u00e3o informou detalhes sobre o vel\u00f3rio e o sepultamento. Amigos, familiares e admiradores lamentam a perda e prestam homenagens ao ex-vereador, que sempre ser\u00e1 lembrado por sua atua\u00e7\u00e3o combativa e seu compromisso com a transforma\u00e7\u00e3o social.<br \/>\nDo Blog do M\u00e1rio Fl\u00e1vio<br \/>\nSeja seguidor do Instagram do Blog pelo @blogdoedvaldomagalhaes<\/p>\n","protected":false},"excerpt":{"rendered":"<p>Morreu nesta sexta-feira (31), aos 89 anos, o ex-vereador de Caruaru Mizael Martins, figura hist\u00f3rica da pol\u00edtica local e militante&hellip;<\/p>\n","protected":false},"author":1,"featured_media":116297,"comment_status":"closed","ping_status":"open","sticky":false,"template":"","format":"standard","meta":{"footnotes":""},"categories":[14120],"tags":[28803,27410,2,28801,32629],"class_list":["post-116296","post","type-post","status-publish","format-standard","has-post-thumbnail","hentry","category-noticias","tag-blog-com-mais-visualizacoes","tag-blog-de-caruaru","tag-blog-do-edvaldo-magalhaes","tag-blog-mais-acessado","tag-morre-ex-vereador-de-caruaru-mizael-martins"],"_links":{"self":[{"href":"https:\/\/blogdoedvaldomagalhaes.com.br\/index.php\/wp-json\/wp\/v2\/posts\/116296","targetHints":{"allow":["GET"]}}],"collection":[{"href":"https:\/\/blogdoedvaldomagalhaes.com.br\/index.php\/wp-json\/wp\/v2\/posts"}],"about":[{"href":"https:\/\/blogdoedvaldomagalhaes.com.br\/index.php\/wp-json\/wp\/v2\/types\/post"}],"author":[{"embeddable":true,"href":"https:\/\/blogdoedvaldomagalhaes.com.br\/index.php\/wp-json\/wp\/v2\/users\/1"}],"replies":[{"embeddable":true,"href":"https:\/\/blogdoedvaldomagalhaes.com.br\/index.php\/wp-json\/wp\/v2\/comments?post=116296"}],"version-history":[{"count":1,"href":"https:\/\/blogdoedvaldomagalhaes.com.br\/index.php\/wp-json\/wp\/v2\/posts\/116296\/revisions"}],"predecessor-version":[{"id":116298,"href":"https:\/\/blogdoedvaldomagalhaes.com.br\/index.php\/wp-json\/wp\/v2\/posts\/116296\/revisions\/116298"}],"wp:featuredmedia":[{"embeddable":true,"href":"https:\/\/blogdoedvaldomagalhaes.com.br\/index.php\/wp-json\/wp\/v2\/media\/116297"}],"wp:attachment":[{"href":"https:\/\/blogdoedvaldomagalhaes.com.br\/index.php\/wp-json\/wp\/v2\/media?parent=116296"}],"wp:term":[{"taxonomy":"category","embeddable":true,"href":"https:\/\/blogdoedvaldomagalhaes.com.br\/index.php\/wp-json\/wp\/v2\/categories?post=116296"},{"taxonomy":"post_tag","embeddable":true,"href":"https:\/\/blogdoedvaldomagalhaes.com.br\/index.php\/wp-json\/wp\/v2\/tags?post=116296"}],"curies":[{"name":"wp","href":"https:\/\/api.w.org\/{rel}","templated":true}]}}