{"id":116216,"date":"2025-01-28T20:44:55","date_gmt":"2025-01-28T23:44:55","guid":{"rendered":"https:\/\/blogdoedvaldomagalhaes.com.br\/?p=116216"},"modified":"2025-01-28T20:44:55","modified_gmt":"2025-01-28T23:44:55","slug":"governo-de-pernambuco-presta-apoio-a-municipios-atingidos-pelas-chuvas","status":"publish","type":"post","link":"https:\/\/blogdoedvaldomagalhaes.com.br\/index.php\/2025\/01\/28\/governo-de-pernambuco-presta-apoio-a-municipios-atingidos-pelas-chuvas\/","title":{"rendered":"Governo de Pernambuco presta apoio a munic\u00edpios atingidos pelas chuvas"},"content":{"rendered":"<p>Devido \u00e0s chuvas que atingiram Pernambuco nas \u00faltimas 24 horas, a governadora Raquel Lyra determinou que as equipes do governo realizassem um esfor\u00e7o conjunto para auxiliar os munic\u00edpios mais afetados pelo temporal, como \u00e9 o caso de Vic\u00eancia, na Mata Norte, que registrou 77 mm at\u00e9 as 11h30 desta ter\u00e7a-feira (28). Equipes de diversas secretarias j\u00e1 est\u00e3o espalhadas pelo Estado prestando todo o apoio necess\u00e1rio \u00e0s gest\u00f5es municipais e aos moradores que tiveram suas casas e estabelecimentos atingidos pelas \u00e1guas.<\/p>\n<p>\u201cDesde a madrugada as nossas equipes t\u00eam acompanhado de perto as chuvas que est\u00e3o caindo aqui no Estado e as cidades mais impactadas j\u00e1 est\u00e3o recebendo aux\u00edlio do governo. A Defesa Civil est\u00e1 presente junto com a Assist\u00eancia Social para garantir ajuda humanit\u00e1ria, colch\u00f5es, cestas b\u00e1sicas e tamb\u00e9m para que possamos trabalhar na recupera\u00e7\u00e3o desses munic\u00edpios, como \u00e9 o caso de Vic\u00eancia. L\u00e1, nossa cozinha comunit\u00e1ria est\u00e1 dando alimenta\u00e7\u00e3o para aqueles que est\u00e3o desabrigados e desalojados e o nosso maquin\u00e1rio est\u00e1 \u00e0 disposi\u00e7\u00e3o para garantir a recomposi\u00e7\u00e3o das ruas\u201d, detalhou a governadora Raquel Lyra.<\/p>\n<p>De acordo com a Secretaria Executiva de Prote\u00e7\u00e3o e Defesa Civil do Estado (Sepdec), at\u00e9 o momento, h\u00e1 o registro de 404 pessoas afetadas pelas chuvas em Vic\u00eancia. Destas, tr\u00eas tiveram ferimentos leves e duas precisaram ser encaminhadas a unidades de sa\u00fade do Recife. Desde o in\u00edcio da manh\u00e3, os profissionais de engenharia da pasta est\u00e3o oferecendo suporte essencial \u00e0 popula\u00e7\u00e3o afetada. As equipes est\u00e3o avaliando as \u00e1reas atingidas com o aux\u00edlio de drones, enquanto que o n\u00facleo de ajuda humanit\u00e1ria realiza o levantamento dos danos para garantir a entrega de itens de emerg\u00eancia, como colch\u00f5es e len\u00e7\u00f3is.<\/p>\n<p>\u201cFelizmente, at\u00e9 o momento n\u00e3o h\u00e1 registro de mortes. As equipes da secretaria est\u00e3o atuando, realizando as vistorias das casas e levantando as necessidades da popula\u00e7\u00e3o atingida. Refor\u00e7o que seguimos comprometidos em prestar todo o aux\u00edlio necess\u00e1rio para que Vic\u00eancia possa superar esse momento dif\u00edcil o quanto antes\u201d, declarou o secret\u00e1rio-executivo de Defesa Civil, coronel RRBM Cl\u00f3vis Ramalho. Destaca-se que, em casos de emerg\u00eancia, os moradores devem entrar em contato com a Central de Atendimento pelo n\u00famero 199. <\/p>\n<p>As chuvas tamb\u00e9m atingiram o munic\u00edpio de Brejo da Madre de Deus, no Agreste pernambucano. Equipes da Defesa Civil atuaram no munic\u00edpio no final de semana. Nesta quarta-feira (29), os profissionais retornam ao local para realizar um mapeamento das \u00e1reas de risco e vistoria nas estradas vicinais.<\/p>\n<p>O secret\u00e1rio de Assist\u00eancia Social, Combate \u00e0 Fome e Pol\u00edticas sobre Drogas, Carlos Braga, afirmou que \u201co acumulado de chuvas nas \u00faltimas horas causou impactos severos ao munic\u00edpio de Vic\u00eancia, e nossas equipes j\u00e1 est\u00e3o prontas para fornecer todo apoio necess\u00e1rio\u201d.<\/p>\n<p>A SAS atuar\u00e1 com o apoio t\u00e9cnico para pedidos de benef\u00edcios eventuais emergenciais no valor de R$ 24 mil, deslocamento de t\u00e9cnicos para os locais atingidos e o fortalecimento das duas cozinhas comunit\u00e1rias do munic\u00edpio. As cozinhas integram o Programa Bom Prato, administrado pela pasta, por meio de sua Secretaria Executiva de Combate \u00e0 Fome (SECOF). Os espa\u00e7os est\u00e3o atendendo as fam\u00edlias desalojadas, ofertando caf\u00e9 da manh\u00e3, almo\u00e7o e jantar. <\/p>\n<p>J\u00e1 a Defesa Civil tamb\u00e9m est\u00e1 transportando materiais de higiene pessoal e de limpeza para auxiliar as fam\u00edlias nas \u00e1reas impactadas, enquanto a SAS realiza um levantamento detalhado das principais demandas do munic\u00edpio. T\u00e9cnicos da secretaria tamb\u00e9m est\u00e3o oferecendo suporte para que a cidade possa emitir o Decreto de Situa\u00e7\u00e3o de Emerg\u00eancia, medida essencial para viabilizar o acesso ao Benef\u00edcio Eventual Emergencial, cofinanciado pela SAS.<\/p>\n<p>O Instituto Agron\u00f4mico de Pernambuco (IPA) est\u00e1 deslocando uma retroescavadeira, uma motoniveladora e cinco caminh\u00f5es para realizar a limpeza da lama dos deslizamentos em Vic\u00eancia, com previs\u00e3o de chegada nesta quarta-feira. A Secretaria de Justi\u00e7a, Direitos Humanos e Preven\u00e7\u00e3o \u00e0 Viol\u00eancia (SJDHPV), por sua vez, est\u00e1 na cidade levantando quantas pessoas tiveram seus documentos extraviados e identificando necessidades mais urgentes de acesso aos servi\u00e7os p\u00fablicos, como Justi\u00e7a, sa\u00fade e assist\u00eancia social. Ap\u00f3s o mapeamento, ser\u00e1 realizado um Balc\u00e3o de Direitos para emiss\u00e3o de novos documentos.<\/p>\n<p>Por conta do rompimento de um talude na entrada de Vic\u00eancia, na PE-074, equipes do Departamento de Estradas de Rodagem (DER) estiveram no local, removeram o material e liberaram a via.<\/p>\n<p>H\u00e1 informa\u00e7\u00f5es, ainda, de que 16 escolas em 12 munic\u00edpios sofreram algum tipo de dano por conta das chuvas (Jo\u00e3o Alfredo, Limoeiro, Bom Jardim, Orob\u00f3, Recife, Condado, Caruaru, Moreno, Arcoverde, Camaragibe, Orob\u00f3 e Machados). Como as aulas ainda n\u00e3o foram retomadas, nenhum estudante foi afetado. N\u00e3o h\u00e1 previs\u00e3o de impacto no cronograma de retorno \u00e0s aulas, mas os servi\u00e7os de reparo est\u00e3o programados para iniciar nesta quarta, comandados pela Secretaria de Educa\u00e7\u00e3o e Esportes.<br \/>\nSeja seguidor do Instagram do Blog pelo @blogdoedvaldomagalhaes<br \/>\nFoto: Divulga\u00e7\u00e3o\/Defesa Civil<\/p>\n","protected":false},"excerpt":{"rendered":"<p>Devido \u00e0s chuvas que atingiram Pernambuco nas \u00faltimas 24 horas, a governadora Raquel Lyra determinou que as equipes do governo&hellip;<\/p>\n","protected":false},"author":1,"featured_media":116217,"comment_status":"closed","ping_status":"open","sticky":false,"template":"","format":"standard","meta":{"footnotes":""},"categories":[14122],"tags":[28803,27410,13146,28801,32593],"class_list":["post-116216","post","type-post","status-publish","format-standard","has-post-thumbnail","hentry","category-politica","tag-blog-com-mais-visualizacoes","tag-blog-de-caruaru","tag-blog-edvaldo-magalhaes","tag-blog-mais-acessado","tag-governo-de-pernambuco-presta-apoio-a-municipios-atingidos-pelas-chuvas"],"_links":{"self":[{"href":"https:\/\/blogdoedvaldomagalhaes.com.br\/index.php\/wp-json\/wp\/v2\/posts\/116216","targetHints":{"allow":["GET"]}}],"collection":[{"href":"https:\/\/blogdoedvaldomagalhaes.com.br\/index.php\/wp-json\/wp\/v2\/posts"}],"about":[{"href":"https:\/\/blogdoedvaldomagalhaes.com.br\/index.php\/wp-json\/wp\/v2\/types\/post"}],"author":[{"embeddable":true,"href":"https:\/\/blogdoedvaldomagalhaes.com.br\/index.php\/wp-json\/wp\/v2\/users\/1"}],"replies":[{"embeddable":true,"href":"https:\/\/blogdoedvaldomagalhaes.com.br\/index.php\/wp-json\/wp\/v2\/comments?post=116216"}],"version-history":[{"count":1,"href":"https:\/\/blogdoedvaldomagalhaes.com.br\/index.php\/wp-json\/wp\/v2\/posts\/116216\/revisions"}],"predecessor-version":[{"id":116218,"href":"https:\/\/blogdoedvaldomagalhaes.com.br\/index.php\/wp-json\/wp\/v2\/posts\/116216\/revisions\/116218"}],"wp:featuredmedia":[{"embeddable":true,"href":"https:\/\/blogdoedvaldomagalhaes.com.br\/index.php\/wp-json\/wp\/v2\/media\/116217"}],"wp:attachment":[{"href":"https:\/\/blogdoedvaldomagalhaes.com.br\/index.php\/wp-json\/wp\/v2\/media?parent=116216"}],"wp:term":[{"taxonomy":"category","embeddable":true,"href":"https:\/\/blogdoedvaldomagalhaes.com.br\/index.php\/wp-json\/wp\/v2\/categories?post=116216"},{"taxonomy":"post_tag","embeddable":true,"href":"https:\/\/blogdoedvaldomagalhaes.com.br\/index.php\/wp-json\/wp\/v2\/tags?post=116216"}],"curies":[{"name":"wp","href":"https:\/\/api.w.org\/{rel}","templated":true}]}}