{"id":116213,"date":"2025-01-28T20:16:22","date_gmt":"2025-01-28T23:16:22","guid":{"rendered":"https:\/\/blogdoedvaldomagalhaes.com.br\/?p=116213"},"modified":"2025-01-28T20:16:22","modified_gmt":"2025-01-28T23:16:22","slug":"segunda-edicao-do-projeto-meu-amigao-e-realizada-neste-mes-de-janeiro","status":"publish","type":"post","link":"https:\/\/blogdoedvaldomagalhaes.com.br\/index.php\/2025\/01\/28\/segunda-edicao-do-projeto-meu-amigao-e-realizada-neste-mes-de-janeiro\/","title":{"rendered":"Segunda edi\u00e7\u00e3o do projeto \u201cMeu Amig\u00e3o\u201d \u00e9 realizada neste m\u00eas de janeiro"},"content":{"rendered":"<p>A Prefeitura de Caruaru, por meio da AME Animal, que \u00e9 ligada \u00e0 Secretaria de Servi\u00e7os P\u00fablicos, realiza, nesta quarta (29) e quinta-feira (30), mais uma edi\u00e7\u00e3o do projeto \u201cMeu Amig\u00e3o\u201d, a segunda neste m\u00eas de janeiro. O principal objetivo \u00e9 encontrar um lar para c\u00e3es e gatos, filhotes e adultos. <\/p>\n<p>Os animais estar\u00e3o dispon\u00edveis a partir das 9h, no Marco Zero da cidade. Para quem quiser adotar um c\u00e3o ou gato, alguns crit\u00e9rios precisam ser atendidos, por isso, \u00e9 preciso preencher um termo de ado\u00e7\u00e3o e posse respons\u00e1vel no local.<\/p>\n<p>Para adotar, \u00e9 preciso ser maior de 18 anos, portar RG, CPF e comprovante de resid\u00eancia. Tanto os animais adultos como os filhotes j\u00e1 s\u00e3o vermifugados. Os adultos j\u00e1 est\u00e3o castrados e os filhotes est\u00e3o com castra\u00e7\u00e3o agendada para o in\u00edcio da idade reprodutiva.<\/p>\n<p>&#8220;O projeto \u2018Meu Amig\u00e3o\u2019 tem um papel importante porque possibilita as pessoas a terem acesso \u00e0queles animais que est\u00e3o sem lar. A gest\u00e3o do Prefeito Rodrigo Pinheiro tem um olhar direcionado para essa causa t\u00e3o importante para a sociedade. Os animais que passam pela AME tem um cuidado especial\u201d, comentou o secret\u00e1rio de Servi\u00e7os P\u00fablicos e Sustentabilidade, Vital Flor\u00eancio.<\/p>\n<p>*Animais para ado\u00e7\u00e3o*<\/p>\n<p>A AME Animal disp\u00f5e de animais o ano inteiro para ado\u00e7\u00e3o respons\u00e1vel. Quem n\u00e3o adotar na feira de ado\u00e7\u00e3o, pode se dirigir \u00e0 sede da AME, localizada na Avenida R\u00e1dio Cultura do Nordeste, 1.000, Indian\u00f3polis, das 8h \u00e0s 16h. \u00c9 preciso levar RG, CPF e comprovante de resid\u00eancia e ser maior de 18 anos.<br \/>\nSiga o Instagram do Blog pelo @blogdoedvaldomagalhaes<br \/>\nFoto: Jorge Farias\/Secom\/PMC<\/p>\n","protected":false},"excerpt":{"rendered":"<p>A Prefeitura de Caruaru, por meio da AME Animal, que \u00e9 ligada \u00e0 Secretaria de Servi\u00e7os P\u00fablicos, realiza, nesta quarta&hellip;<\/p>\n","protected":false},"author":1,"featured_media":116214,"comment_status":"closed","ping_status":"open","sticky":false,"template":"","format":"standard","meta":{"footnotes":""},"categories":[14120],"tags":[29440,27410,13146,28801,32592],"class_list":["post-116213","post","type-post","status-publish","format-standard","has-post-thumbnail","hentry","category-noticias","tag-blog-com-mais-visualizacao","tag-blog-de-caruaru","tag-blog-edvaldo-magalhaes","tag-blog-mais-acessado","tag-segunda-edicao-do-projeto-meu-amigao-e-realizada-neste-mes-de-janeiro"],"_links":{"self":[{"href":"https:\/\/blogdoedvaldomagalhaes.com.br\/index.php\/wp-json\/wp\/v2\/posts\/116213","targetHints":{"allow":["GET"]}}],"collection":[{"href":"https:\/\/blogdoedvaldomagalhaes.com.br\/index.php\/wp-json\/wp\/v2\/posts"}],"about":[{"href":"https:\/\/blogdoedvaldomagalhaes.com.br\/index.php\/wp-json\/wp\/v2\/types\/post"}],"author":[{"embeddable":true,"href":"https:\/\/blogdoedvaldomagalhaes.com.br\/index.php\/wp-json\/wp\/v2\/users\/1"}],"replies":[{"embeddable":true,"href":"https:\/\/blogdoedvaldomagalhaes.com.br\/index.php\/wp-json\/wp\/v2\/comments?post=116213"}],"version-history":[{"count":1,"href":"https:\/\/blogdoedvaldomagalhaes.com.br\/index.php\/wp-json\/wp\/v2\/posts\/116213\/revisions"}],"predecessor-version":[{"id":116215,"href":"https:\/\/blogdoedvaldomagalhaes.com.br\/index.php\/wp-json\/wp\/v2\/posts\/116213\/revisions\/116215"}],"wp:featuredmedia":[{"embeddable":true,"href":"https:\/\/blogdoedvaldomagalhaes.com.br\/index.php\/wp-json\/wp\/v2\/media\/116214"}],"wp:attachment":[{"href":"https:\/\/blogdoedvaldomagalhaes.com.br\/index.php\/wp-json\/wp\/v2\/media?parent=116213"}],"wp:term":[{"taxonomy":"category","embeddable":true,"href":"https:\/\/blogdoedvaldomagalhaes.com.br\/index.php\/wp-json\/wp\/v2\/categories?post=116213"},{"taxonomy":"post_tag","embeddable":true,"href":"https:\/\/blogdoedvaldomagalhaes.com.br\/index.php\/wp-json\/wp\/v2\/tags?post=116213"}],"curies":[{"name":"wp","href":"https:\/\/api.w.org\/{rel}","templated":true}]}}