{"id":116210,"date":"2025-01-28T20:08:59","date_gmt":"2025-01-28T23:08:59","guid":{"rendered":"https:\/\/blogdoedvaldomagalhaes.com.br\/?p=116210"},"modified":"2025-01-28T20:08:59","modified_gmt":"2025-01-28T23:08:59","slug":"prefeitura-de-caruaru-realiza-primeira-reuniao-com-representantes-das-comunidades-negras-de-caruaru","status":"publish","type":"post","link":"https:\/\/blogdoedvaldomagalhaes.com.br\/index.php\/2025\/01\/28\/prefeitura-de-caruaru-realiza-primeira-reuniao-com-representantes-das-comunidades-negras-de-caruaru\/","title":{"rendered":"Prefeitura de Caruaru realiza primeira reuni\u00e3o com representantes das comunidades negras de Caruaru"},"content":{"rendered":"<p>A Secretaria de Assist\u00eancia Social e Combate \u00e0 Fome, por meio da Coordena\u00e7\u00e3o de Igualdade Racial, promoveu, nesta ter\u00e7a-feira (28), um caf\u00e9 da manh\u00e3 com representantes das comunidades negras de Caruaru. O evento, realizado no Centro Integrado de Direitos Humanos (CIDH), teve como objetivo estabelecer um di\u00e1logo estruturado e permanente entre a administra\u00e7\u00e3o p\u00fablica e as lideran\u00e7as dessas comunidades.<\/p>\n<p>Organizada pela Ger\u00eancia de Promo\u00e7\u00e3o e Defesa dos Direitos Humanos, a iniciativa busca fortalecer as rela\u00e7\u00f5es entre o poder p\u00fablico e os Povos Tradicionais, Quilombolas e Ind\u00edgenas, com foco na promo\u00e7\u00e3o de pol\u00edticas p\u00fablicas que assegurem a igualdade racial e a defesa dos direitos humanos no munic\u00edpio. Durante o encontro, foram debatidas estrat\u00e9gias para o combate ao racismo e \u00e0 discrimina\u00e7\u00e3o racial, al\u00e9m de formas de garantir a participa\u00e7\u00e3o ativa dessas comunidades na cria\u00e7\u00e3o e implementa\u00e7\u00e3o de pol\u00edticas que garantam a efetiva\u00e7\u00e3o de seus direitos.<\/p>\n<p>A reuni\u00e3o contou com a participa\u00e7\u00e3o de diversas lideran\u00e7as comunit\u00e1rias, que puderam apresentar suas demandas e sugest\u00f5es para o fortalecimento das iniciativas de inclus\u00e3o e combate \u00e0 discrimina\u00e7\u00e3o racial em Caruaru. O evento tamb\u00e9m marcou a apresenta\u00e7\u00e3o oficial de Petrucio Cruz como novo Coordenador de Igualdade Racial do CIDH. <\/p>\n<p>\u201cA Coordena\u00e7\u00e3o de Igualdade Racial do CIDH, junto \u00e0 Ger\u00eancia de Promo\u00e7\u00e3o e Defesa dos Direitos Humanos, tem o objetivo de desenvolver projetos e pol\u00edticas p\u00fablicas de combate ao racismo em todas as suas formas. Atrav\u00e9s de iniciativas como esta, buscamos criar um ambiente em que as comunidades negras, quilombolas, ind\u00edgenas e tradicionais tenham suas vozes amplificadas e seus direitos assegurados. Para isso, o di\u00e1logo constante com essas lideran\u00e7as \u00e9 fundamental&#8221;, destaca Ailza Trajano, gerente de Promo\u00e7\u00e3o e Defesa dos Direitos Humanos da SAS.<br \/>\nSeja seguidor do Instagram do Blog @blogdoedvaldomagalhaes<br \/>\nFoto: Rafael Moreira\/PMC<\/p>\n","protected":false},"excerpt":{"rendered":"<p>A Secretaria de Assist\u00eancia Social e Combate \u00e0 Fome, por meio da Coordena\u00e7\u00e3o de Igualdade Racial, promoveu, nesta ter\u00e7a-feira (28),&hellip;<\/p>\n","protected":false},"author":1,"featured_media":116211,"comment_status":"closed","ping_status":"open","sticky":false,"template":"","format":"standard","meta":{"footnotes":""},"categories":[14120],"tags":[30592,27410,2,32591],"class_list":["post-116210","post","type-post","status-publish","format-standard","has-post-thumbnail","hentry","category-noticias","tag-blog-com-mais-seguidores","tag-blog-de-caruaru","tag-blog-do-edvaldo-magalhaes","tag-prefeitura-de-caruaru-realiza-primeira-reuniao-com-representantes-das-comunidades-negras-de-caruaru"],"_links":{"self":[{"href":"https:\/\/blogdoedvaldomagalhaes.com.br\/index.php\/wp-json\/wp\/v2\/posts\/116210","targetHints":{"allow":["GET"]}}],"collection":[{"href":"https:\/\/blogdoedvaldomagalhaes.com.br\/index.php\/wp-json\/wp\/v2\/posts"}],"about":[{"href":"https:\/\/blogdoedvaldomagalhaes.com.br\/index.php\/wp-json\/wp\/v2\/types\/post"}],"author":[{"embeddable":true,"href":"https:\/\/blogdoedvaldomagalhaes.com.br\/index.php\/wp-json\/wp\/v2\/users\/1"}],"replies":[{"embeddable":true,"href":"https:\/\/blogdoedvaldomagalhaes.com.br\/index.php\/wp-json\/wp\/v2\/comments?post=116210"}],"version-history":[{"count":1,"href":"https:\/\/blogdoedvaldomagalhaes.com.br\/index.php\/wp-json\/wp\/v2\/posts\/116210\/revisions"}],"predecessor-version":[{"id":116212,"href":"https:\/\/blogdoedvaldomagalhaes.com.br\/index.php\/wp-json\/wp\/v2\/posts\/116210\/revisions\/116212"}],"wp:featuredmedia":[{"embeddable":true,"href":"https:\/\/blogdoedvaldomagalhaes.com.br\/index.php\/wp-json\/wp\/v2\/media\/116211"}],"wp:attachment":[{"href":"https:\/\/blogdoedvaldomagalhaes.com.br\/index.php\/wp-json\/wp\/v2\/media?parent=116210"}],"wp:term":[{"taxonomy":"category","embeddable":true,"href":"https:\/\/blogdoedvaldomagalhaes.com.br\/index.php\/wp-json\/wp\/v2\/categories?post=116210"},{"taxonomy":"post_tag","embeddable":true,"href":"https:\/\/blogdoedvaldomagalhaes.com.br\/index.php\/wp-json\/wp\/v2\/tags?post=116210"}],"curies":[{"name":"wp","href":"https:\/\/api.w.org\/{rel}","templated":true}]}}