{"id":116207,"date":"2025-01-28T18:45:45","date_gmt":"2025-01-28T21:45:45","guid":{"rendered":"https:\/\/blogdoedvaldomagalhaes.com.br\/?p=116207"},"modified":"2025-01-28T18:45:45","modified_gmt":"2025-01-28T21:45:45","slug":"vereador-silvio-nascimento-encaminha-oficio-ao-governo-do-estado-e-solicita-a-criacao-de-duas-delegacias-especializadas-para-caruaru","status":"publish","type":"post","link":"https:\/\/blogdoedvaldomagalhaes.com.br\/index.php\/2025\/01\/28\/vereador-silvio-nascimento-encaminha-oficio-ao-governo-do-estado-e-solicita-a-criacao-de-duas-delegacias-especializadas-para-caruaru\/","title":{"rendered":"Vereador Silvio Nascimento encaminha of\u00edcio ao Governo do Estado e solicita a cria\u00e7\u00e3o de duas delegacias especializadas para Caruaru"},"content":{"rendered":"<p><span style=\"font-size: revert;\">Na \u00faltima sess\u00e3o extraordin\u00e1ria da C\u00e2mara de Vereadores de Caruaru, foi aprovado por unanimidade o Projeto de Lei que trata sobre a reforma Administrativa, proposta pela Prefeitura Municipal. Na reforma, foi criada a Secretaria de Sustentabilidade e Bem-Estar Animal. Levando em conta a cria\u00e7\u00e3o da nova secretaria, o Vereador Silvio Nascimento (PL), enviou of\u00edcio a Governadora Raquel Lyra, solicitando a cria\u00e7\u00e3o da Delegacia de Prote\u00e7\u00e3o ao Meio Ambiente e Prote\u00e7\u00e3o Animal.\u00a0<\/span><\/p>\n<p>Nesse mesmo of\u00edcio, Nascimento tamb\u00e9m sugeriu a instala\u00e7\u00e3o da delegacia do turista em Caruaru.<\/p>\n<p>Considerando que Caruaru tem quase quatrocentos mil habitantes, o parlamentar afirmou que \u00e9 cada vez mais importante e urgente, a prote\u00e7\u00e3o da fauna, e flora nativas, al\u00e9m \u00e9 claro do combate aos maus tratos aos animais dom\u00e9sticos e de rua. A Delegacia do Meio Ambiente \u00e9 uma unidade respons\u00e1vel por investigar e combater crimes ambientais. Algumas atribui\u00e7\u00f5es da Delegacia do meio ambiente s\u00e3o: investiga\u00e7\u00e3o e combate ao desmatamento ilegal, queimadas e destrui\u00e7\u00e3o de florestas, combate \u00e0 ca\u00e7a e pesca ilegais, incluindo o com\u00e9rcio de esp\u00e9cies amea\u00e7adas, investiga\u00e7\u00e3o e combate \u00e0 polui\u00e7\u00e3o do ar, \u00e1gua e solo; abrangendo o descarte irregular de res\u00edduos, combate ao tr\u00e1fico de animais silvestres e produtos derivados, al\u00e9m de investigar e combater \u00e0 destrui\u00e7\u00e3o de habitats naturais, compreendo a\u00ed a constru\u00e7\u00e3o ilegal em \u00e1reas protegidas e crimes cometidos contra animais em geral.<\/p>\n<p>Sobre a Delegacia do Turista, que \u00e9 um \u00f3rg\u00e3o respons\u00e1vel por atender e auxiliar turistas em situa\u00e7\u00f5es de emerg\u00eancia ou necessidade durante sua estadia em determinada regi\u00e3o ou cidade, o vereador Silvio Nascimento (PL); que tem a experi\u00eancia de quem foi Presidente da Embratur, entende que esse equipamento, \u00e9 de fundamental import\u00e2ncia para o munic\u00edpio. Essa delegacia \u00e9 geralmente vinculada \u00e0 Secretaria de Turismo do estado ou munic\u00edpio e t\u00eam como objetivo principal garantir a seguran\u00e7a e o bem-estar dos visitantes. \u201cCaruaru, \u00e9 um importante destino tur\u00edstico no estado de Pernambuco, conhecido por sua rica cultura, hist\u00f3ria artesanato e eventos de grande porte. A cidade possui o Alto do Moura, considerado o maior centro de artes figurativas das Am\u00e9ricas. Caruaru tamb\u00e9m \u00e9 conhecida por realizar o Maior e Melhor S\u00e3o Jo\u00e3o do Mundo, que atrai cerca de tr\u00eas milh\u00f5es de pessoas durante o per\u00edodo junino, segundo dados coletados na imprensa. Tudo isso mais que justifica a instala\u00e7\u00e3o da Delegacia do Turista, em Caruaru\u201d, afirmou o vereador.<br \/>\nSegundo Silvio, todos esses atrativos fazem que a cidade seja considerada categoria B pelo Minist\u00e9rio do Turismo, nos aspectos importantes como quantidades de visitantes e de hospedagens. A categoria validada pela Secretaria Desenvolvimento Econ\u00f4mico, Turismo e Economia Criativa (Sedetec). \u201c N\u00e3o podemos esquecer que o turismo \u00e9 uma importante fonte de empregos e renda para a popula\u00e7\u00e3o local, e a cria\u00e7\u00e3o de uma Delegacia do Turista pode contribuir para o aumento da confian\u00e7a dos investidores e visitantes\u201d, finalizou Nascimento.<br \/>\nSiga o Instagram do Blog pelo @blogdoedvaldomagalhaes<br \/>\nFoto: Divulga\u00e7\u00e3o<\/p>\n","protected":false},"excerpt":{"rendered":"<p>Na \u00faltima sess\u00e3o extraordin\u00e1ria da C\u00e2mara de Vereadores de Caruaru, foi aprovado por unanimidade o Projeto de Lei que trata&hellip;<\/p>\n","protected":false},"author":1,"featured_media":116208,"comment_status":"closed","ping_status":"open","sticky":false,"template":"","format":"standard","meta":{"footnotes":""},"categories":[14122],"tags":[30592,27410,13146,28801,20],"class_list":["post-116207","post","type-post","status-publish","format-standard","has-post-thumbnail","hentry","category-politica","tag-blog-com-mais-seguidores","tag-blog-de-caruaru","tag-blog-edvaldo-magalhaes","tag-blog-mais-acessado","tag-politica"],"_links":{"self":[{"href":"https:\/\/blogdoedvaldomagalhaes.com.br\/index.php\/wp-json\/wp\/v2\/posts\/116207","targetHints":{"allow":["GET"]}}],"collection":[{"href":"https:\/\/blogdoedvaldomagalhaes.com.br\/index.php\/wp-json\/wp\/v2\/posts"}],"about":[{"href":"https:\/\/blogdoedvaldomagalhaes.com.br\/index.php\/wp-json\/wp\/v2\/types\/post"}],"author":[{"embeddable":true,"href":"https:\/\/blogdoedvaldomagalhaes.com.br\/index.php\/wp-json\/wp\/v2\/users\/1"}],"replies":[{"embeddable":true,"href":"https:\/\/blogdoedvaldomagalhaes.com.br\/index.php\/wp-json\/wp\/v2\/comments?post=116207"}],"version-history":[{"count":1,"href":"https:\/\/blogdoedvaldomagalhaes.com.br\/index.php\/wp-json\/wp\/v2\/posts\/116207\/revisions"}],"predecessor-version":[{"id":116209,"href":"https:\/\/blogdoedvaldomagalhaes.com.br\/index.php\/wp-json\/wp\/v2\/posts\/116207\/revisions\/116209"}],"wp:featuredmedia":[{"embeddable":true,"href":"https:\/\/blogdoedvaldomagalhaes.com.br\/index.php\/wp-json\/wp\/v2\/media\/116208"}],"wp:attachment":[{"href":"https:\/\/blogdoedvaldomagalhaes.com.br\/index.php\/wp-json\/wp\/v2\/media?parent=116207"}],"wp:term":[{"taxonomy":"category","embeddable":true,"href":"https:\/\/blogdoedvaldomagalhaes.com.br\/index.php\/wp-json\/wp\/v2\/categories?post=116207"},{"taxonomy":"post_tag","embeddable":true,"href":"https:\/\/blogdoedvaldomagalhaes.com.br\/index.php\/wp-json\/wp\/v2\/tags?post=116207"}],"curies":[{"name":"wp","href":"https:\/\/api.w.org\/{rel}","templated":true}]}}