{"id":116204,"date":"2025-01-28T15:59:52","date_gmt":"2025-01-28T18:59:52","guid":{"rendered":"https:\/\/blogdoedvaldomagalhaes.com.br\/?p=116204"},"modified":"2025-01-28T15:59:52","modified_gmt":"2025-01-28T18:59:52","slug":"prf-detem-suspeito-de-importunacao-sexual-e-acolhe-vitima-em-caruaru","status":"publish","type":"post","link":"https:\/\/blogdoedvaldomagalhaes.com.br\/index.php\/2025\/01\/28\/prf-detem-suspeito-de-importunacao-sexual-e-acolhe-vitima-em-caruaru\/","title":{"rendered":"PRF det\u00e9m suspeito de importuna\u00e7\u00e3o sexual e acolhe v\u00edtima em Caruaru"},"content":{"rendered":"<p>Um suspeito de importuna\u00e7\u00e3o sexual foi detido e a v\u00edtima foi acolhida, na segunda-feira (27), pela<\/p>\n<p>Pol\u00edcia Rodovi\u00e1ria Federal (PRF). O caso foi registrado durante a abordagem a um \u00f4nibus na BR 104, em Caruaru, no Agreste pernambucano.<\/p>\n<p>A v\u00edtima era passageira do ve\u00edculo e relatou que um homem pediu para sentar ao seu lado, mesmo com outros assentos desocupados. Durante a viagem, ela viu o homem colocar a m\u00e3o por dentro da bermuda e mexer nas partes \u00edntimas, como se estivesse se masturbando, e ainda teria tentado encostar nela.<\/p>\n<p>A v\u00edtima se levantou e pediu ao condutor do \u00f4nibus que parasse no Posto da PRF de Caruaru. O suspeito e a v\u00edtima foram encaminhados \u00e0 Delegacia de Pol\u00edcia Civil da regi\u00e3o, para as devidas provid\u00eancias.<br \/>\nSiga o Instagram do Blog pelo @blogdoedvaldomagalhaes<br \/>\nFoto: Divulga\u00e7\u00e3o\/PRF<\/p>\n","protected":false},"excerpt":{"rendered":"<p>Um suspeito de importuna\u00e7\u00e3o sexual foi detido e a v\u00edtima foi acolhida, na segunda-feira (27), pela Pol\u00edcia Rodovi\u00e1ria Federal (PRF).&hellip;<\/p>\n","protected":false},"author":1,"featured_media":116205,"comment_status":"closed","ping_status":"open","sticky":false,"template":"","format":"standard","meta":{"footnotes":""},"categories":[14121],"tags":[29440,27410,13146,28801,32590],"class_list":["post-116204","post","type-post","status-publish","format-standard","has-post-thumbnail","hentry","category-policial","tag-blog-com-mais-visualizacao","tag-blog-de-caruaru","tag-blog-edvaldo-magalhaes","tag-blog-mais-acessado","tag-prf-detem-suspeito-de-importunacao-sexual-e-acolhe-vitima-em-caruaru"],"_links":{"self":[{"href":"https:\/\/blogdoedvaldomagalhaes.com.br\/index.php\/wp-json\/wp\/v2\/posts\/116204","targetHints":{"allow":["GET"]}}],"collection":[{"href":"https:\/\/blogdoedvaldomagalhaes.com.br\/index.php\/wp-json\/wp\/v2\/posts"}],"about":[{"href":"https:\/\/blogdoedvaldomagalhaes.com.br\/index.php\/wp-json\/wp\/v2\/types\/post"}],"author":[{"embeddable":true,"href":"https:\/\/blogdoedvaldomagalhaes.com.br\/index.php\/wp-json\/wp\/v2\/users\/1"}],"replies":[{"embeddable":true,"href":"https:\/\/blogdoedvaldomagalhaes.com.br\/index.php\/wp-json\/wp\/v2\/comments?post=116204"}],"version-history":[{"count":1,"href":"https:\/\/blogdoedvaldomagalhaes.com.br\/index.php\/wp-json\/wp\/v2\/posts\/116204\/revisions"}],"predecessor-version":[{"id":116206,"href":"https:\/\/blogdoedvaldomagalhaes.com.br\/index.php\/wp-json\/wp\/v2\/posts\/116204\/revisions\/116206"}],"wp:featuredmedia":[{"embeddable":true,"href":"https:\/\/blogdoedvaldomagalhaes.com.br\/index.php\/wp-json\/wp\/v2\/media\/116205"}],"wp:attachment":[{"href":"https:\/\/blogdoedvaldomagalhaes.com.br\/index.php\/wp-json\/wp\/v2\/media?parent=116204"}],"wp:term":[{"taxonomy":"category","embeddable":true,"href":"https:\/\/blogdoedvaldomagalhaes.com.br\/index.php\/wp-json\/wp\/v2\/categories?post=116204"},{"taxonomy":"post_tag","embeddable":true,"href":"https:\/\/blogdoedvaldomagalhaes.com.br\/index.php\/wp-json\/wp\/v2\/tags?post=116204"}],"curies":[{"name":"wp","href":"https:\/\/api.w.org\/{rel}","templated":true}]}}