{"id":116200,"date":"2025-01-28T15:14:24","date_gmt":"2025-01-28T18:14:24","guid":{"rendered":"https:\/\/blogdoedvaldomagalhaes.com.br\/?p=116200"},"modified":"2025-01-28T15:14:24","modified_gmt":"2025-01-28T18:14:24","slug":"prefeitura-de-caruaru-abre-processo-para-realizacao-de-matriculas-para-a-educacao-de-jovens-e-adultos-eja","status":"publish","type":"post","link":"https:\/\/blogdoedvaldomagalhaes.com.br\/index.php\/2025\/01\/28\/prefeitura-de-caruaru-abre-processo-para-realizacao-de-matriculas-para-a-educacao-de-jovens-e-adultos-eja\/","title":{"rendered":"Prefeitura de Caruaru abre processo para realiza\u00e7\u00e3o de matr\u00edculas para a Educa\u00e7\u00e3o de Jovens e Adultos (EJA)"},"content":{"rendered":"<p>A Prefeitura de Caruaru, por meio da Secretaria de Educa\u00e7\u00e3o e Esportes, abre processo para realiza\u00e7\u00e3o de matr\u00edculas para a Educa\u00e7\u00e3o de Jovens e Adultos (EJA). Essa \u00e9 uma grande oportunidade para quem deseja retomar seus estudos e alcan\u00e7ar novos objetivos pessoais e profissionais. As matr\u00edculas podem ser feitas at\u00e9 o dia 14 de fevereiro.<\/p>\n<p>A EJA \u00e9 destinada a cidad\u00e3os com 15 anos ou mais que desejam dar continuidade aos estudos do Ensino Fundamental, que foram interrompidos em algum momento de suas vidas. Al\u00e9m da forma\u00e7\u00e3o b\u00e1sica, a EJA em Caruaru oferece cursos de qualifica\u00e7\u00e3o profissional, integrados ao hor\u00e1rio de aula e realizados diretamente nas escolas. Essa iniciativa busca preparar os estudantes para o mercado de trabalho ou aprimorar suas habilidades em \u00e1reas onde j\u00e1 atuam. <\/p>\n<p>&#8220;Essa \u00e9 a porta de entrada para novas oportunidades e conquistas. Nosso objetivo \u00e9 transformar vidas, unindo educa\u00e7\u00e3o e qualifica\u00e7\u00e3o profissional em um s\u00f3 lugar. A EJA n\u00e3o \u00e9 apenas uma chance de retomar os estudos, mas tamb\u00e9m de abrir caminhos para o mercado de trabalho e o aperfei\u00e7oamento das habilidades de cada cidad\u00e3o. \u00c9 importante que os jovens e adultos aproveitem essa oportunidade oferecida pela nossa rede de ensino\u201d, afirmou o secret\u00e1rio de Educa\u00e7\u00e3o e Esportes de Caruaru, Kaio Cola\u00e7o.<\/p>\n<p>Os interessados devem procurar a escola municipal mais pr\u00f3xima, levando os seguintes documentos:<br \/>\n\t\u2022\tC\u00f3pia do RG e CPF;<br \/>\n\t\u2022\tTipagem sangu\u00ednea;<br \/>\n\t\u2022\tComprovante de resid\u00eancia;<br \/>\n\t\u2022\tCart\u00e3o do Bolsa Fam\u00edlia (se for benefici\u00e1rio);<br \/>\n\t\u2022\tHist\u00f3rico escolar (para aqueles que j\u00e1 estudaram anteriormente).<br \/>\nSeja seguidor do Instagram do Blog pelo @blogdoedvaldomagalhaes<br \/>\nFoto: Divulga\u00e7\u00e3o\/Secom\/PMC<\/p>\n","protected":false},"excerpt":{"rendered":"<p>A Prefeitura de Caruaru, por meio da Secretaria de Educa\u00e7\u00e3o e Esportes, abre processo para realiza\u00e7\u00e3o de matr\u00edculas para a&hellip;<\/p>\n","protected":false},"author":1,"featured_media":116201,"comment_status":"closed","ping_status":"open","sticky":false,"template":"","format":"standard","meta":{"footnotes":""},"categories":[14120],"tags":[30592,27410,2,28801,32589],"class_list":["post-116200","post","type-post","status-publish","format-standard","has-post-thumbnail","hentry","category-noticias","tag-blog-com-mais-seguidores","tag-blog-de-caruaru","tag-blog-do-edvaldo-magalhaes","tag-blog-mais-acessado","tag-prefeitura-de-caruaru-abre-processo-para-realizacao-de-matriculas-para-a-educacao-de-jovens-e-adultos-eja"],"_links":{"self":[{"href":"https:\/\/blogdoedvaldomagalhaes.com.br\/index.php\/wp-json\/wp\/v2\/posts\/116200","targetHints":{"allow":["GET"]}}],"collection":[{"href":"https:\/\/blogdoedvaldomagalhaes.com.br\/index.php\/wp-json\/wp\/v2\/posts"}],"about":[{"href":"https:\/\/blogdoedvaldomagalhaes.com.br\/index.php\/wp-json\/wp\/v2\/types\/post"}],"author":[{"embeddable":true,"href":"https:\/\/blogdoedvaldomagalhaes.com.br\/index.php\/wp-json\/wp\/v2\/users\/1"}],"replies":[{"embeddable":true,"href":"https:\/\/blogdoedvaldomagalhaes.com.br\/index.php\/wp-json\/wp\/v2\/comments?post=116200"}],"version-history":[{"count":1,"href":"https:\/\/blogdoedvaldomagalhaes.com.br\/index.php\/wp-json\/wp\/v2\/posts\/116200\/revisions"}],"predecessor-version":[{"id":116202,"href":"https:\/\/blogdoedvaldomagalhaes.com.br\/index.php\/wp-json\/wp\/v2\/posts\/116200\/revisions\/116202"}],"wp:featuredmedia":[{"embeddable":true,"href":"https:\/\/blogdoedvaldomagalhaes.com.br\/index.php\/wp-json\/wp\/v2\/media\/116201"}],"wp:attachment":[{"href":"https:\/\/blogdoedvaldomagalhaes.com.br\/index.php\/wp-json\/wp\/v2\/media?parent=116200"}],"wp:term":[{"taxonomy":"category","embeddable":true,"href":"https:\/\/blogdoedvaldomagalhaes.com.br\/index.php\/wp-json\/wp\/v2\/categories?post=116200"},{"taxonomy":"post_tag","embeddable":true,"href":"https:\/\/blogdoedvaldomagalhaes.com.br\/index.php\/wp-json\/wp\/v2\/tags?post=116200"}],"curies":[{"name":"wp","href":"https:\/\/api.w.org\/{rel}","templated":true}]}}