{"id":116192,"date":"2025-01-28T11:53:46","date_gmt":"2025-01-28T14:53:46","guid":{"rendered":"https:\/\/blogdoedvaldomagalhaes.com.br\/?p=116192"},"modified":"2025-01-28T15:57:12","modified_gmt":"2025-01-28T18:57:12","slug":"caminhao-que-transportava-combustivel-pega-fogo","status":"publish","type":"post","link":"https:\/\/blogdoedvaldomagalhaes.com.br\/index.php\/2025\/01\/28\/caminhao-que-transportava-combustivel-pega-fogo\/","title":{"rendered":"Caminh\u00e3o que transportava combust\u00edvel pega fogo"},"content":{"rendered":"<p>Por volta das 9h20, desta ter\u00e7a-feira (28.01), a PRF foi acionada para um inc\u00eandio no Km 82 da BR 101, em Jaboat\u00e3o dos Guararapes, sentido Recife.<\/p>\n<p>O motorista de um caminh\u00e3o seguia pela rodovia, quando percebeu fuma\u00e7a saindo do ve\u00edculo.<\/p>\n<p>O condutor parou no acostamento e desembarcou do ve\u00edculo, que foi consumido pelo fogo. Ningu\u00e9m ficou ferido. De acordo com o motorista, ele estava descendo o viaduto, quando um pneu estourou. Ele parou no acostamento e observou que estava saindo fuma\u00e7a do pneu. O condutor tentou apagar com o extintor, inclusive com a ajuda de outros motoristas, mas o fogo se alastrou pelo semirreboque. Ele desatrelou o semirreboque e conseguiu sair do local sem danificar o cavalo-trator (parte da frente do caminh\u00e3o).<\/p>\n<p>O fogo foi  controlado pelo Corpo de Bombeiros e a rodovia est\u00e1 interditada .<br \/>\nSiga o Instagram do Blog pelo @blogdoedvaldomagalhaes<br \/>\nFoto: Divulga\u00e7\u00e3o\/PRF<\/p>\n","protected":false},"excerpt":{"rendered":"<p>Por volta das 9h20, desta ter\u00e7a-feira (28.01), a PRF foi acionada para um inc\u00eandio no Km 82 da BR 101,&hellip;<\/p>\n","protected":false},"author":1,"featured_media":116193,"comment_status":"closed","ping_status":"open","sticky":false,"template":"","format":"standard","meta":{"footnotes":""},"categories":[14120],"tags":[29440,27410,13146,28801,32587],"class_list":["post-116192","post","type-post","status-publish","format-standard","has-post-thumbnail","hentry","category-noticias","tag-blog-com-mais-visualizacao","tag-blog-de-caruaru","tag-blog-edvaldo-magalhaes","tag-blog-mais-acessado","tag-caminhao-que-transportava-combustivel-pega-fogo"],"_links":{"self":[{"href":"https:\/\/blogdoedvaldomagalhaes.com.br\/index.php\/wp-json\/wp\/v2\/posts\/116192","targetHints":{"allow":["GET"]}}],"collection":[{"href":"https:\/\/blogdoedvaldomagalhaes.com.br\/index.php\/wp-json\/wp\/v2\/posts"}],"about":[{"href":"https:\/\/blogdoedvaldomagalhaes.com.br\/index.php\/wp-json\/wp\/v2\/types\/post"}],"author":[{"embeddable":true,"href":"https:\/\/blogdoedvaldomagalhaes.com.br\/index.php\/wp-json\/wp\/v2\/users\/1"}],"replies":[{"embeddable":true,"href":"https:\/\/blogdoedvaldomagalhaes.com.br\/index.php\/wp-json\/wp\/v2\/comments?post=116192"}],"version-history":[{"count":2,"href":"https:\/\/blogdoedvaldomagalhaes.com.br\/index.php\/wp-json\/wp\/v2\/posts\/116192\/revisions"}],"predecessor-version":[{"id":116203,"href":"https:\/\/blogdoedvaldomagalhaes.com.br\/index.php\/wp-json\/wp\/v2\/posts\/116192\/revisions\/116203"}],"wp:featuredmedia":[{"embeddable":true,"href":"https:\/\/blogdoedvaldomagalhaes.com.br\/index.php\/wp-json\/wp\/v2\/media\/116193"}],"wp:attachment":[{"href":"https:\/\/blogdoedvaldomagalhaes.com.br\/index.php\/wp-json\/wp\/v2\/media?parent=116192"}],"wp:term":[{"taxonomy":"category","embeddable":true,"href":"https:\/\/blogdoedvaldomagalhaes.com.br\/index.php\/wp-json\/wp\/v2\/categories?post=116192"},{"taxonomy":"post_tag","embeddable":true,"href":"https:\/\/blogdoedvaldomagalhaes.com.br\/index.php\/wp-json\/wp\/v2\/tags?post=116192"}],"curies":[{"name":"wp","href":"https:\/\/api.w.org\/{rel}","templated":true}]}}