{"id":116189,"date":"2025-01-28T11:46:43","date_gmt":"2025-01-28T14:46:43","guid":{"rendered":"https:\/\/blogdoedvaldomagalhaes.com.br\/?p=116189"},"modified":"2025-01-28T11:46:43","modified_gmt":"2025-01-28T14:46:43","slug":"walber-santana-substitui-thallyta-figueiroa-no-arquipelago-de-fernando-de-noronha","status":"publish","type":"post","link":"https:\/\/blogdoedvaldomagalhaes.com.br\/index.php\/2025\/01\/28\/walber-santana-substitui-thallyta-figueiroa-no-arquipelago-de-fernando-de-noronha\/","title":{"rendered":"Walber Santana substitui Thallyta Figueir\u00f4a no Arquip\u00e9lago de Fernando de Noronha"},"content":{"rendered":"<p>O Governo de Pernambuco anunciou, nesta ter\u00e7a -feira (28) mudan\u00e7as na gest\u00e3o do Arquip\u00e9lago de Fernando de Noronha. Ap\u00f3s dois anos \u00e0 frente da gest\u00e3o da Ilha, Thallyta Figueir\u00f4a deixa o posto de administradora. Para substitu\u00ed-la, a governadora Raquel Lyra indicar\u00e1 \u00e0 sabatina pela Assembleia Legislativa de Pernambuco (Alepe) o bi\u00f3logo e advogado Walber Santana. A gerente-geral do Distrito Estadual de Fernando de Noronha, Nathalie Mendon\u00e7a, assume interinamente a administra\u00e7\u00e3o local. <\/p>\n<p>&#8220;Agrade\u00e7o a Thallyta pelo trabalho que desenvolveu no Arquip\u00e9lago ao longo dos \u00faltimos anos. Iniciamos agora um novo ciclo e esperamos contar com toda a experi\u00eancia de Walber Santana para cuidar cada dia mais e alavancar novas parcerias estrat\u00e9gicas para Noronha\u201d, disse Raquel Lyra.<\/p>\n<p>Curr\u00edculo &#8211; Walber Santana \u00e9 graduado em Ci\u00eancias Biol\u00f3gicas pela Universidade Federal Rural de Pernambuco (UFRPE) e em Direito pelo Centro Universit\u00e1rio Tiradentes (UNIT \/ Facipe), com mestrado em Gest\u00e3o do Desenvolvimento Local Sustent\u00e1vel.<\/p>\n<p>Atuou em diversos cargos no setor p\u00fablico, incluindo chefe de gabinete da SEMAS-PE, diretor da CPRH e coordenador do Programa Noronha Carbono Neutro. Atualmente, \u00e9 auditor federal de Finan\u00e7as e Controle da Controladoria Geral da Uni\u00e3o (CGU), cedido ao Governo de Pernambuco como secret\u00e1rio executivo de Meio Ambiente.<br \/>\nFoto: Divulga\u00e7\u00e3o<br \/>\nSeja seguidor do Instagram do Blog @blogdoedvaldomagalhaes<\/p>\n","protected":false},"excerpt":{"rendered":"<p>O Governo de Pernambuco anunciou, nesta ter\u00e7a -feira (28) mudan\u00e7as na gest\u00e3o do Arquip\u00e9lago de Fernando de Noronha. Ap\u00f3s dois&hellip;<\/p>\n","protected":false},"author":1,"featured_media":116190,"comment_status":"closed","ping_status":"open","sticky":false,"template":"","format":"standard","meta":{"footnotes":""},"categories":[14122],"tags":[28803,27410,2,28801,20,32586],"class_list":["post-116189","post","type-post","status-publish","format-standard","has-post-thumbnail","hentry","category-politica","tag-blog-com-mais-visualizacoes","tag-blog-de-caruaru","tag-blog-do-edvaldo-magalhaes","tag-blog-mais-acessado","tag-politica","tag-walber-santana-substitui-thallyta-figueiroa-no-arquipelago-de-fernando-de-noronha"],"_links":{"self":[{"href":"https:\/\/blogdoedvaldomagalhaes.com.br\/index.php\/wp-json\/wp\/v2\/posts\/116189","targetHints":{"allow":["GET"]}}],"collection":[{"href":"https:\/\/blogdoedvaldomagalhaes.com.br\/index.php\/wp-json\/wp\/v2\/posts"}],"about":[{"href":"https:\/\/blogdoedvaldomagalhaes.com.br\/index.php\/wp-json\/wp\/v2\/types\/post"}],"author":[{"embeddable":true,"href":"https:\/\/blogdoedvaldomagalhaes.com.br\/index.php\/wp-json\/wp\/v2\/users\/1"}],"replies":[{"embeddable":true,"href":"https:\/\/blogdoedvaldomagalhaes.com.br\/index.php\/wp-json\/wp\/v2\/comments?post=116189"}],"version-history":[{"count":1,"href":"https:\/\/blogdoedvaldomagalhaes.com.br\/index.php\/wp-json\/wp\/v2\/posts\/116189\/revisions"}],"predecessor-version":[{"id":116191,"href":"https:\/\/blogdoedvaldomagalhaes.com.br\/index.php\/wp-json\/wp\/v2\/posts\/116189\/revisions\/116191"}],"wp:featuredmedia":[{"embeddable":true,"href":"https:\/\/blogdoedvaldomagalhaes.com.br\/index.php\/wp-json\/wp\/v2\/media\/116190"}],"wp:attachment":[{"href":"https:\/\/blogdoedvaldomagalhaes.com.br\/index.php\/wp-json\/wp\/v2\/media?parent=116189"}],"wp:term":[{"taxonomy":"category","embeddable":true,"href":"https:\/\/blogdoedvaldomagalhaes.com.br\/index.php\/wp-json\/wp\/v2\/categories?post=116189"},{"taxonomy":"post_tag","embeddable":true,"href":"https:\/\/blogdoedvaldomagalhaes.com.br\/index.php\/wp-json\/wp\/v2\/tags?post=116189"}],"curies":[{"name":"wp","href":"https:\/\/api.w.org\/{rel}","templated":true}]}}