{"id":116184,"date":"2025-01-27T21:43:20","date_gmt":"2025-01-28T00:43:20","guid":{"rendered":"https:\/\/blogdoedvaldomagalhaes.com.br\/?p=116184"},"modified":"2025-01-27T21:43:20","modified_gmt":"2025-01-28T00:43:20","slug":"imoa-pe-e-parceiros-promovem-acao-social-de-saude-para-familias-acompanhadas-pelo-instituto","status":"publish","type":"post","link":"https:\/\/blogdoedvaldomagalhaes.com.br\/index.php\/2025\/01\/27\/imoa-pe-e-parceiros-promovem-acao-social-de-saude-para-familias-acompanhadas-pelo-instituto\/","title":{"rendered":"IMOA-PE e parceiros promovem A\u00e7\u00e3o Social de Sa\u00fade para fam\u00edlias acompanhadas pelo Instituto"},"content":{"rendered":"<p>Nesta quarta-feira (28.01), o IMOA \u2013 Instituto de Meio Ambiente de Pernambuco realiza, em parceria com o laborat\u00f3rio Mais Exames, Escola Grau T\u00e9cnico e a Enfermeira B\u00e1rbara Stteffany, uma A\u00e7\u00e3o Social de sa\u00fade com diversos servi\u00e7os gratuitos para as fam\u00edlias de catadores de recicl\u00e1veis acompanhadas pelo Instituto. <\/p>\n<p>A a\u00e7\u00e3o, contar\u00e1 com uma s\u00e9rie de atividades, incluindo aferi\u00e7\u00e3o de press\u00e3o, teste de glicemia, avalia\u00e7\u00f5es de sa\u00fade, palestras educativas sobre sa\u00fade ambiental e distribui\u00e7\u00e3o de lanches. A iniciativa tem como objetivo principal atender \u00e0s necessidades b\u00e1sicas de sa\u00fade da popula\u00e7\u00e3o carente, al\u00e9m de promover a conscientiza\u00e7\u00e3o sobre a import\u00e2ncia da preserva\u00e7\u00e3o do meio ambiente para a sa\u00fade humana.<\/p>\n<p>A iniciativa contar\u00e1 com a participa\u00e7\u00e3o de volunt\u00e1rios e profissionais de sa\u00fade, al\u00e9m do apoio de institui\u00e7\u00f5es parceiras. A expectativa \u00e9 atender cerca de 100 pessoas durante a a\u00e7\u00e3o. \u201cEssa a\u00e7\u00e3o social de sa\u00fade \u00e9 um exemplo concreto do compromisso do IMOA com a sa\u00fade e o bem-estar da popula\u00e7\u00e3o do nosso bairro, em parceria com as empresas presentes e os profissionais de sa\u00fade\u201d, destacou a presidente do IMOA-PE, Gilvaneide Silva. A a\u00e7\u00e3o inicia \u00e0s 8h e ser\u00e1 realiza na \u00e1rea externa do Instituto, na Rua Jo\u00e3o Cordeiro de Souza, n\u00ba 115 \u2013 Bairro Vassoural. Foto: Divulga\u00e7\u00e3o<br \/>\nSiga o Instagram do Blog pelo @blogdoedvaldomagalhaes<\/p>\n","protected":false},"excerpt":{"rendered":"<p>Nesta quarta-feira (28.01), o IMOA \u2013 Instituto de Meio Ambiente de Pernambuco realiza, em parceria com o laborat\u00f3rio Mais Exames,&hellip;<\/p>\n","protected":false},"author":1,"featured_media":116186,"comment_status":"closed","ping_status":"open","sticky":false,"template":"","format":"standard","meta":{"footnotes":""},"categories":[14120],"tags":[29440,27410,13146,28801,32585],"class_list":["post-116184","post","type-post","status-publish","format-standard","has-post-thumbnail","hentry","category-noticias","tag-blog-com-mais-visualizacao","tag-blog-de-caruaru","tag-blog-edvaldo-magalhaes","tag-blog-mais-acessado","tag-imoa-pe-e-parceiros-promovem-acao-social-de-saude-para-familias-acompanhadas-pelo-instituto"],"_links":{"self":[{"href":"https:\/\/blogdoedvaldomagalhaes.com.br\/index.php\/wp-json\/wp\/v2\/posts\/116184","targetHints":{"allow":["GET"]}}],"collection":[{"href":"https:\/\/blogdoedvaldomagalhaes.com.br\/index.php\/wp-json\/wp\/v2\/posts"}],"about":[{"href":"https:\/\/blogdoedvaldomagalhaes.com.br\/index.php\/wp-json\/wp\/v2\/types\/post"}],"author":[{"embeddable":true,"href":"https:\/\/blogdoedvaldomagalhaes.com.br\/index.php\/wp-json\/wp\/v2\/users\/1"}],"replies":[{"embeddable":true,"href":"https:\/\/blogdoedvaldomagalhaes.com.br\/index.php\/wp-json\/wp\/v2\/comments?post=116184"}],"version-history":[{"count":1,"href":"https:\/\/blogdoedvaldomagalhaes.com.br\/index.php\/wp-json\/wp\/v2\/posts\/116184\/revisions"}],"predecessor-version":[{"id":116187,"href":"https:\/\/blogdoedvaldomagalhaes.com.br\/index.php\/wp-json\/wp\/v2\/posts\/116184\/revisions\/116187"}],"wp:featuredmedia":[{"embeddable":true,"href":"https:\/\/blogdoedvaldomagalhaes.com.br\/index.php\/wp-json\/wp\/v2\/media\/116186"}],"wp:attachment":[{"href":"https:\/\/blogdoedvaldomagalhaes.com.br\/index.php\/wp-json\/wp\/v2\/media?parent=116184"}],"wp:term":[{"taxonomy":"category","embeddable":true,"href":"https:\/\/blogdoedvaldomagalhaes.com.br\/index.php\/wp-json\/wp\/v2\/categories?post=116184"},{"taxonomy":"post_tag","embeddable":true,"href":"https:\/\/blogdoedvaldomagalhaes.com.br\/index.php\/wp-json\/wp\/v2\/tags?post=116184"}],"curies":[{"name":"wp","href":"https:\/\/api.w.org\/{rel}","templated":true}]}}