{"id":116177,"date":"2025-01-27T21:22:05","date_gmt":"2025-01-28T00:22:05","guid":{"rendered":"https:\/\/blogdoedvaldomagalhaes.com.br\/?p=116177"},"modified":"2025-01-27T21:22:05","modified_gmt":"2025-01-28T00:22:05","slug":"no-recife-governadora-raquel-lyra-participa-da-abertura-de-curso-do-insper-voltado-a-area-de-habitacao","status":"publish","type":"post","link":"https:\/\/blogdoedvaldomagalhaes.com.br\/index.php\/2025\/01\/27\/no-recife-governadora-raquel-lyra-participa-da-abertura-de-curso-do-insper-voltado-a-area-de-habitacao\/","title":{"rendered":"No Recife, governadora Raquel Lyra participa da abertura de curso do Insper voltado \u00e0 \u00e1rea de habita\u00e7\u00e3o"},"content":{"rendered":"<p>_Iniciativa visa capacitar servidores p\u00fablicos para enfrentar os desafios habitacionais e otimizar o uso de recursos do Minha Casa, Minha Vida em Pernambuco_<\/p>\n<p>A governadora Raquel Lyra participou, nesta segunda-feira (27), da primeira aula do curso \u201cPol\u00edticas Habitacionais: Resultados e Desafios\u201d, realizado pelo Insper, no Bugan Hotel, no Recife. O curso est\u00e1 sendo oferecido pela primeira vez fora de S\u00e3o Paulo pela institui\u00e7\u00e3o e re\u00fane gestores p\u00fablicos estaduais e municipais, lideran\u00e7as do setor habitacional e representantes de movimentos sociais para apresentar os desafios das pol\u00edticas habitacionais no Brasil, al\u00e9m de integrar conhecimentos t\u00e9cnicos sobre temas como regulariza\u00e7\u00e3o fundi\u00e1ria, produ\u00e7\u00e3o habitacional e reabilita\u00e7\u00e3o de centros urbanos. <\/p>\n<p>\u201cEstamos promovendo um curso no qual vamos aprofundar os estudos sobre pol\u00edtica habitacional, seus desafios, suas oportunidades e aquilo que a gente pode buscar de experi\u00eancia de outros lugares para desenvolver ainda mais o nosso Estado e avan\u00e7ar com o Morar Bem Pernambuco. Por meio desse programa estadual, j\u00e1 entregamos mais de mil moradias e temos muitas outras para entregar. Que possamos permitir que nosso Estado d\u00ea passos largos em dire\u00e7\u00e3o \u00e0 melhoria da qualidade de vida do seu povo e \u00e0 redu\u00e7\u00e3o do d\u00e9ficit habitacional\u201d, destacou a governadora Raquel Lyra. <\/p>\n<p>Em Pernambuco, o curso \u201cPol\u00edticas Habitacionais: Resultados e Desafios\u201d \u00e9 uma parceria entre o Governo do Estado e o Insper, com patroc\u00ednio da Associa\u00e7\u00e3o das Empresas do Mercado Imobili\u00e1rio de Pernambuco (Ademi-PE), e tem a participa\u00e7\u00e3o de representantes t\u00e9cnicos dos munic\u00edpios do Recife, Jaboat\u00e3o dos Guararapes, Paulista, Olinda, Cabo de Santo Agostinho, Igarassu, Caruaru, Salgueiro, Goiana, Palmares e Petrolina. Participam tamb\u00e9m representantes do Governo Federal \u2014 por meio da Caixa Econ\u00f4mica \u2014, do setor produtivo e de movimentos sociais pernambucanos.<\/p>\n<p>Segundo a secret\u00e1ria de Desenvolvimento Urbano e Habita\u00e7\u00e3o do Estado, Simone Nunes, a capacita\u00e7\u00e3o \u00e9 um passo importante para consolidar a lideran\u00e7a de Pernambuco na busca por solu\u00e7\u00f5es habitacionais inovadoras e sustent\u00e1veis. \u201cA ideia \u00e9 que cada munic\u00edpio possa construir um projeto de aplica\u00e7\u00e3o para o seu local, com o monitoramento do Insper, e fazer um desdobramento pr\u00e1tico dentro do seu universo de influ\u00eancia, sabendo o que j\u00e1 foi feito, o que deu certo e errado e o que pode ser feito em cada cen\u00e1rio\u201d, pontuou.<\/p>\n<p>Al\u00e9m de aulas te\u00f3ricas, o curso contar\u00e1 com visitas t\u00e9cnicas a empreendimentos habitacionais de refer\u00eancia, tanto em Pernambuco quanto em S\u00e3o Paulo. O programa busca compartilhar pr\u00e1ticas inovadoras no combate ao d\u00e9ficit habitacional e promover o di\u00e1logo entre governo, setor privado, academia e movimentos sociais. Ao longo da capacita\u00e7\u00e3o, os participantes ter\u00e3o acesso a solu\u00e7\u00f5es pr\u00e1ticas para os problemas habitacionais das cidades brasileiras, com foco na cria\u00e7\u00e3o de cidades mais inclusivas e sustent\u00e1veis. Ao final das aulas, os gestores das \u00e1reas de desenvolvimento urbano e habita\u00e7\u00e3o estar\u00e3o mais capacitados para acessar recursos do programa Minha Casa, Minha Vida (MCMV). <\/p>\n<p>Para Jos\u00e9 Police Neto, coordenador do Insper, os munic\u00edpios t\u00eam uma tarefa importante, muitas vezes n\u00e3o exercida, que \u00e9 o de regula\u00e7\u00e3o do uso e ocupa\u00e7\u00e3o do solo. \u201cTodas as vezes que o munic\u00edpio abdica dessa potencialidade, ele deixa de ser atrativo para investimentos p\u00fablicos e investimentos privados. A \u00e1rea de habita\u00e7\u00e3o \u00e9 aquela maior geradora de desigualdades, \u00e9 aquela que precisa do maior investimento, porque por tr\u00e1s dela vem o saneamento, a oferta de \u00e1gua com qualidade e com volume, e o esgotamento sanit\u00e1rio, entre outras pol\u00edticas p\u00fablicas. Eu acredito que o Governo de Pernambuco, os munic\u00edpios participantes, o setor produtivo, o Governo Federal e os movimentos sociais podem transformar Pernambuco num caso de sucesso nacionalmente\u201d, disse.<br \/>\nSeja seguidor do Instagram do Blog pelo @blogdoedvaldomagalhaes<br \/>\nFoto: Miva Filho\/Secom<\/p>\n","protected":false},"excerpt":{"rendered":"<p>_Iniciativa visa capacitar servidores p\u00fablicos para enfrentar os desafios habitacionais e otimizar o uso de recursos do Minha Casa, Minha&hellip;<\/p>\n","protected":false},"author":1,"featured_media":116178,"comment_status":"closed","ping_status":"open","sticky":false,"template":"","format":"standard","meta":{"footnotes":""},"categories":[14122],"tags":[28803,27410,13146,28801,32584,14622,20],"class_list":["post-116177","post","type-post","status-publish","format-standard","has-post-thumbnail","hentry","category-politica","tag-blog-com-mais-visualizacoes","tag-blog-de-caruaru","tag-blog-edvaldo-magalhaes","tag-blog-mais-acessado","tag-governadora-raquel-lyra-participa-da-abertura-de-curso-do-insper-voltado-a-area-de-habitacao","tag-no-recife","tag-politica"],"_links":{"self":[{"href":"https:\/\/blogdoedvaldomagalhaes.com.br\/index.php\/wp-json\/wp\/v2\/posts\/116177","targetHints":{"allow":["GET"]}}],"collection":[{"href":"https:\/\/blogdoedvaldomagalhaes.com.br\/index.php\/wp-json\/wp\/v2\/posts"}],"about":[{"href":"https:\/\/blogdoedvaldomagalhaes.com.br\/index.php\/wp-json\/wp\/v2\/types\/post"}],"author":[{"embeddable":true,"href":"https:\/\/blogdoedvaldomagalhaes.com.br\/index.php\/wp-json\/wp\/v2\/users\/1"}],"replies":[{"embeddable":true,"href":"https:\/\/blogdoedvaldomagalhaes.com.br\/index.php\/wp-json\/wp\/v2\/comments?post=116177"}],"version-history":[{"count":1,"href":"https:\/\/blogdoedvaldomagalhaes.com.br\/index.php\/wp-json\/wp\/v2\/posts\/116177\/revisions"}],"predecessor-version":[{"id":116179,"href":"https:\/\/blogdoedvaldomagalhaes.com.br\/index.php\/wp-json\/wp\/v2\/posts\/116177\/revisions\/116179"}],"wp:featuredmedia":[{"embeddable":true,"href":"https:\/\/blogdoedvaldomagalhaes.com.br\/index.php\/wp-json\/wp\/v2\/media\/116178"}],"wp:attachment":[{"href":"https:\/\/blogdoedvaldomagalhaes.com.br\/index.php\/wp-json\/wp\/v2\/media?parent=116177"}],"wp:term":[{"taxonomy":"category","embeddable":true,"href":"https:\/\/blogdoedvaldomagalhaes.com.br\/index.php\/wp-json\/wp\/v2\/categories?post=116177"},{"taxonomy":"post_tag","embeddable":true,"href":"https:\/\/blogdoedvaldomagalhaes.com.br\/index.php\/wp-json\/wp\/v2\/tags?post=116177"}],"curies":[{"name":"wp","href":"https:\/\/api.w.org\/{rel}","templated":true}]}}