{"id":116174,"date":"2025-01-27T18:27:57","date_gmt":"2025-01-27T21:27:57","guid":{"rendered":"https:\/\/blogdoedvaldomagalhaes.com.br\/?p=116174"},"modified":"2025-01-27T18:29:08","modified_gmt":"2025-01-27T21:29:08","slug":"jucazinho-passa-por-manutencao-emergencial-confira-as-14-cidades-afetadas-com-a-falta-de-agua-2","status":"publish","type":"post","link":"https:\/\/blogdoedvaldomagalhaes.com.br\/index.php\/2025\/01\/27\/jucazinho-passa-por-manutencao-emergencial-confira-as-14-cidades-afetadas-com-a-falta-de-agua-2\/","title":{"rendered":"Jucazinho passa por manuten\u00e7\u00e3o emerg\u00eancial; Confira as 14 cidades afetadas com a falta de \u00e1gua"},"content":{"rendered":"<p>A Companhia Pernambucana de Saneamento \u2013 Compesa realizar\u00e1 servi\u00e7os de manuten\u00e7\u00e3o emergencial no Sistema Jucazinho para retirada de quatro vazamentos em trechos da adutora de grande porte. Para a execu\u00e7\u00e3o dos servi\u00e7os, a paralisa\u00e7\u00e3o do sistema ter\u00e1 dura\u00e7\u00e3o de 24h para os munic\u00edpios do Tramo Norte e 48h para as cidades do Tramo Sul.<\/p>\n<p>As interven\u00e7\u00f5es se iniciam nesta ter\u00e7a-feira (28), a partir das 07h, e devem ser finalizadas \u00e0s 07h da quinta-feira (30), e v\u00e3o afetar todas as 14 cidades abastecidas pelo Sistema Jucazinho. Entretanto, o per\u00edodo dos servi\u00e7os \u00e9 diferente para os Tramos Norte e Sul. A manuten\u00e7\u00e3o do Tramo Norte ser\u00e1 executada em 24 horas, das 07h da ter\u00e7a-feira (28) at\u00e9 \u00e0s 07h da quarta-feira (29), e afeta os munic\u00edpios de Salgadinho, Surubim, Casinhas, Frei Miguelinho, Santa Maria do Cambuc\u00e1, Vertente do L\u00e9rio, Vertentes e Toritama. J\u00e1 as atividades do Tramo Sul, mais complexas, v\u00e3o durar 48h, come\u00e7ando \u00e0s 07h da ter\u00e7a-feira (28) prosseguindo at\u00e9 \u00e0s 07h da quinta-feira (30), cujo ramal atende os munic\u00edpios de Passira, Cumaru, Riacho das Almas, Caruaru, Bezerros e Gravat\u00e1.<\/p>\n<p>A equipe da companhia ir\u00e1 aproveitar a parada do sistema para executar tamb\u00e9m manuten\u00e7\u00f5es preventivas para garantir melhorias operacionais, especialmente neste momento de escassez de chuvas, quando a barragem Jucazinho se encontra em situa\u00e7\u00e3o de pr\u00e9-colapso, com apenas 5,54 % da sua capacidade.<\/p>\n<p>Al\u00e9m da retirada dos vazamentos, est\u00e3o previstos troca de v\u00e1lvulas e registros e revis\u00e3o nas esta\u00e7\u00f5es elevat\u00f3rias (bombeamento da \u00e1gua), com checagem e substitui\u00e7\u00e3o de componentes el\u00e9tricos, dentre outras a\u00e7\u00f5es. A mobiliza\u00e7\u00e3o da Compesa envolver\u00e1 45 profissionais de diversas \u00e1reas, que atuar\u00e3o em turnos de 24 horas, para dar celeridade aos servi\u00e7os, al\u00e9m da utiliza\u00e7\u00e3o de equipamentos pesados.<\/p>\n<p>Abastecimento das cidades:<\/p>\n<p>Devido \u00e0s interven\u00e7\u00f5es, haver\u00e1 redu\u00e7\u00e3o de 70% na produ\u00e7\u00e3o de \u00e1gua para a cidade de Bezerros, ocasionando desabastecimento na \u00e1rea urbana e nos distritos de Cajazeiras (Bezerros) e Insurrei\u00e7\u00e3o (Sair\u00e9). Em Gravat\u00e1, ficar\u00e3o com desabastecimento parcial o Loteamento Santana, Ch\u00e1cara Veraneio, Assentamento Santo Ant\u00f4nio, Volta do Rio e Loteamento e Prive Cortegada.<\/p>\n<p>Em Caruaru, as \u00e1reas afetadas com falta de \u00e1gua s\u00e3o: Salgado, Cidade Jardim, S\u00e3o Jo\u00e3o da Esc\u00f3cia, S\u00e3o Jos\u00e9 1 e 2, Rendeiras (parte alta), Gon\u00e7alves Ferreira, Luiz Gonzaga, Morada Nova, Fernando Lira, Amilson Afonso, Portal do Sol, Juriti, Parque das Cidades, Lagoa de Algod\u00e3o, loteamentos Jardim dos Pinheiros 1, 2 e 3, Morada Nobre, Mirante do Vale, Luar de Caruaru, Luiz Mariano, Serran\u00f3polis, Cidade Agreste, Para\u00edso, Serra Verde e Neuza Garcia, Quintas da Colina 1 e 2, Rafael, Contendas, Parque Millany, Assentamento Normandia, Cachoeira Seca, Palmat\u00f3ria, Jacar\u00e9 Grande, Ju\u00e1, Malhada de Barreira Queimada e Lajes.<\/p>\n<p>O abastecimento ser\u00e1 suspenso em Riacho das Almas, Cumaru, Salgadinho, Surubim, Casinhas, Frei Miguelinho, Santa Maria do Cambuc\u00e1, Vertente do L\u00e9rio, Vertentes, Toritama e Passira.<\/p>\n<p>Ap\u00f3s a conclus\u00e3o dos servi\u00e7os ser\u00e1 retomada a opera\u00e7\u00e3o do sistema, obedecendo ao per\u00edodo necess\u00e1rio para o enchimento das adutoras e reservat\u00f3rios. A retomada da distribui\u00e7\u00e3o de \u00e1gua ser\u00e1 gradual e de acordo com o calend\u00e1rio de cada cidade. Foto: Divulga\u00e7\u00e3o<br \/>\nSeja seguidor do Instagram do Blog pelo @blogdoedvaldomagalhaes<\/p>\n","protected":false},"excerpt":{"rendered":"<p>A Companhia Pernambucana de Saneamento \u2013 Compesa realizar\u00e1 servi\u00e7os de manuten\u00e7\u00e3o emergencial no Sistema Jucazinho para retirada de quatro vazamentos&hellip;<\/p>\n","protected":false},"author":1,"featured_media":116172,"comment_status":"closed","ping_status":"open","sticky":false,"template":"","format":"standard","meta":{"footnotes":""},"categories":[14120],"tags":[29440,27410,2,28801,32583],"class_list":["post-116174","post","type-post","status-publish","format-standard","has-post-thumbnail","hentry","category-noticias","tag-blog-com-mais-visualizacao","tag-blog-de-caruaru","tag-blog-do-edvaldo-magalhaes","tag-blog-mais-acessado","tag-jucazinho-passa-por-manutencao-emergencial-confira-as-14-cidades-afetadas-com-a-falta-de-agua-2"],"_links":{"self":[{"href":"https:\/\/blogdoedvaldomagalhaes.com.br\/index.php\/wp-json\/wp\/v2\/posts\/116174","targetHints":{"allow":["GET"]}}],"collection":[{"href":"https:\/\/blogdoedvaldomagalhaes.com.br\/index.php\/wp-json\/wp\/v2\/posts"}],"about":[{"href":"https:\/\/blogdoedvaldomagalhaes.com.br\/index.php\/wp-json\/wp\/v2\/types\/post"}],"author":[{"embeddable":true,"href":"https:\/\/blogdoedvaldomagalhaes.com.br\/index.php\/wp-json\/wp\/v2\/users\/1"}],"replies":[{"embeddable":true,"href":"https:\/\/blogdoedvaldomagalhaes.com.br\/index.php\/wp-json\/wp\/v2\/comments?post=116174"}],"version-history":[{"count":2,"href":"https:\/\/blogdoedvaldomagalhaes.com.br\/index.php\/wp-json\/wp\/v2\/posts\/116174\/revisions"}],"predecessor-version":[{"id":116176,"href":"https:\/\/blogdoedvaldomagalhaes.com.br\/index.php\/wp-json\/wp\/v2\/posts\/116174\/revisions\/116176"}],"wp:featuredmedia":[{"embeddable":true,"href":"https:\/\/blogdoedvaldomagalhaes.com.br\/index.php\/wp-json\/wp\/v2\/media\/116172"}],"wp:attachment":[{"href":"https:\/\/blogdoedvaldomagalhaes.com.br\/index.php\/wp-json\/wp\/v2\/media?parent=116174"}],"wp:term":[{"taxonomy":"category","embeddable":true,"href":"https:\/\/blogdoedvaldomagalhaes.com.br\/index.php\/wp-json\/wp\/v2\/categories?post=116174"},{"taxonomy":"post_tag","embeddable":true,"href":"https:\/\/blogdoedvaldomagalhaes.com.br\/index.php\/wp-json\/wp\/v2\/tags?post=116174"}],"curies":[{"name":"wp","href":"https:\/\/api.w.org\/{rel}","templated":true}]}}