{"id":116168,"date":"2025-01-27T17:18:13","date_gmt":"2025-01-27T20:18:13","guid":{"rendered":"https:\/\/blogdoedvaldomagalhaes.com.br\/?p=116168"},"modified":"2025-01-27T17:18:13","modified_gmt":"2025-01-27T20:18:13","slug":"vereador-junior-letal-discute-pautas-da-educacao-em-reuniao-com-kaio-colaco","status":"publish","type":"post","link":"https:\/\/blogdoedvaldomagalhaes.com.br\/index.php\/2025\/01\/27\/vereador-junior-letal-discute-pautas-da-educacao-em-reuniao-com-kaio-colaco\/","title":{"rendered":"Vereador J\u00fanior Letal discute pautas da educa\u00e7\u00e3o em reuni\u00e3o com Kaio Cola\u00e7o"},"content":{"rendered":"<p>O vereador J\u00fanior Letal se reuniu na tarde de hoje com o secret\u00e1rio de Educa\u00e7\u00e3o e Esportes de Caruaru, Kaio Cola\u00e7o. <\/p>\n<p>O encontro teve como objetivo discutir pautas importantes relacionadas \u00e0s \u00e1reas de educa\u00e7\u00e3o e esportes, buscando fortalecer a\u00e7\u00f5es e projetos voltados para o desenvolvimento de Caruaru. Foto: Divulga\u00e7\u00e3o<br \/>\nSiga o Instagram do Blog @blogdoedvaldomagalhaes<\/p>\n","protected":false},"excerpt":{"rendered":"<p>O vereador J\u00fanior Letal se reuniu na tarde de hoje com o secret\u00e1rio de Educa\u00e7\u00e3o e Esportes de Caruaru, Kaio&hellip;<\/p>\n","protected":false},"author":1,"featured_media":116169,"comment_status":"closed","ping_status":"open","sticky":false,"template":"","format":"standard","meta":{"footnotes":""},"categories":[14122],"tags":[28803,27410,2,28801,20,32581],"class_list":["post-116168","post","type-post","status-publish","format-standard","has-post-thumbnail","hentry","category-politica","tag-blog-com-mais-visualizacoes","tag-blog-de-caruaru","tag-blog-do-edvaldo-magalhaes","tag-blog-mais-acessado","tag-politica","tag-vereador-junior-letal-discute-pautas-da-educacao-em-reuniao-com-kaio-colaco"],"_links":{"self":[{"href":"https:\/\/blogdoedvaldomagalhaes.com.br\/index.php\/wp-json\/wp\/v2\/posts\/116168","targetHints":{"allow":["GET"]}}],"collection":[{"href":"https:\/\/blogdoedvaldomagalhaes.com.br\/index.php\/wp-json\/wp\/v2\/posts"}],"about":[{"href":"https:\/\/blogdoedvaldomagalhaes.com.br\/index.php\/wp-json\/wp\/v2\/types\/post"}],"author":[{"embeddable":true,"href":"https:\/\/blogdoedvaldomagalhaes.com.br\/index.php\/wp-json\/wp\/v2\/users\/1"}],"replies":[{"embeddable":true,"href":"https:\/\/blogdoedvaldomagalhaes.com.br\/index.php\/wp-json\/wp\/v2\/comments?post=116168"}],"version-history":[{"count":1,"href":"https:\/\/blogdoedvaldomagalhaes.com.br\/index.php\/wp-json\/wp\/v2\/posts\/116168\/revisions"}],"predecessor-version":[{"id":116170,"href":"https:\/\/blogdoedvaldomagalhaes.com.br\/index.php\/wp-json\/wp\/v2\/posts\/116168\/revisions\/116170"}],"wp:featuredmedia":[{"embeddable":true,"href":"https:\/\/blogdoedvaldomagalhaes.com.br\/index.php\/wp-json\/wp\/v2\/media\/116169"}],"wp:attachment":[{"href":"https:\/\/blogdoedvaldomagalhaes.com.br\/index.php\/wp-json\/wp\/v2\/media?parent=116168"}],"wp:term":[{"taxonomy":"category","embeddable":true,"href":"https:\/\/blogdoedvaldomagalhaes.com.br\/index.php\/wp-json\/wp\/v2\/categories?post=116168"},{"taxonomy":"post_tag","embeddable":true,"href":"https:\/\/blogdoedvaldomagalhaes.com.br\/index.php\/wp-json\/wp\/v2\/tags?post=116168"}],"curies":[{"name":"wp","href":"https:\/\/api.w.org\/{rel}","templated":true}]}}