{"id":116156,"date":"2025-01-27T16:14:23","date_gmt":"2025-01-27T19:14:23","guid":{"rendered":"https:\/\/blogdoedvaldomagalhaes.com.br\/?p=116156"},"modified":"2025-01-27T16:14:23","modified_gmt":"2025-01-27T19:14:23","slug":"censo-previdenciario-caruaruprev-reforca-importancia-de-envio-da-documentacao-ate-14-de-fevereiro","status":"publish","type":"post","link":"https:\/\/blogdoedvaldomagalhaes.com.br\/index.php\/2025\/01\/27\/censo-previdenciario-caruaruprev-reforca-importancia-de-envio-da-documentacao-ate-14-de-fevereiro\/","title":{"rendered":"Censo previdenci\u00e1rio: CaruaruPrev refor\u00e7a import\u00e2ncia de envio da documenta\u00e7\u00e3o at\u00e9 14 de fevereiro"},"content":{"rendered":"<p>O CaruaruPrev em parceria com a Secretaria de Administra\u00e7\u00e3o,  est\u00e1 realizando o Censo Previdenci\u00e1rio desde o m\u00eas de dezembro. O Censo \u00e9 uma ferramenta de atualiza\u00e7\u00e3o e verifica\u00e7\u00e3o de dados cadastrais, funcionais e financeiros dos servidores p\u00fablicos efetivos ativos, inativos e pensionistas do munic\u00edpio, que \u00e9 realizado a cada cinco anos.<\/p>\n<p>Essa atualiza\u00e7\u00e3o n\u00e3o substitui nem dispensa o recadastramento nem a prova de vida. Durante o processo, os servidores dever\u00e3o fornecer informa\u00e7\u00f5es pessoais, com documenta\u00e7\u00e3o comprobat\u00f3ria que ser\u00e3o cuidadosamente analisadas e registradas. Essas informa\u00e7\u00f5es s\u00e3o cruciais para garantir<br \/>\nque os dados do sistema estejam sempre corretos e completos.<\/p>\n<p>\u201cEssa \u00e9 uma ferramenta que garante a sa\u00fade financeira e a sustentabilidade do \u00f3rg\u00e3o a partir de um levantamento dos servidores e tem o objetivo de atualizar e mapear a situa\u00e7\u00e3o previdenciaria do CaruaruPrev\u201d, destacou a presidente do \u00f3rg\u00e3o, Fernanda Melo.<\/p>\n<p>O prazo final para esse censo \u00e9 no dia 14 de fevereiro e aqueles que n\u00e3o enviarem a documenta\u00e7\u00e3o para o Censo podem ter o pagamento suspenso. Os servidores podem optar por realizar o procedimento de forma presencial na sede da Secretaria de Educa\u00e7\u00e3o, localizada na Avenida C\u00edcero Jos\u00e9 Dutra, s\/n, bairro Petr\u00f3polis, ou online, por meio do site: caruaruprev.pe.gov.br.<br \/>\nSiga o Instagram do Blog pelo @blogdoedvaldomagalhaes<\/p>\n","protected":false},"excerpt":{"rendered":"<p>O CaruaruPrev em parceria com a Secretaria de Administra\u00e7\u00e3o, est\u00e1 realizando o Censo Previdenci\u00e1rio desde o m\u00eas de dezembro. O&hellip;<\/p>\n","protected":false},"author":1,"featured_media":116157,"comment_status":"closed","ping_status":"open","sticky":false,"template":"","format":"standard","meta":{"footnotes":""},"categories":[14120],"tags":[29440,27410,2,28801,32579],"class_list":["post-116156","post","type-post","status-publish","format-standard","has-post-thumbnail","hentry","category-noticias","tag-blog-com-mais-visualizacao","tag-blog-de-caruaru","tag-blog-do-edvaldo-magalhaes","tag-blog-mais-acessado","tag-censo-previdenciario-caruaruprev-reforca-importancia-de-envio-da-documentacao-ate-14-de-fevereiro"],"_links":{"self":[{"href":"https:\/\/blogdoedvaldomagalhaes.com.br\/index.php\/wp-json\/wp\/v2\/posts\/116156","targetHints":{"allow":["GET"]}}],"collection":[{"href":"https:\/\/blogdoedvaldomagalhaes.com.br\/index.php\/wp-json\/wp\/v2\/posts"}],"about":[{"href":"https:\/\/blogdoedvaldomagalhaes.com.br\/index.php\/wp-json\/wp\/v2\/types\/post"}],"author":[{"embeddable":true,"href":"https:\/\/blogdoedvaldomagalhaes.com.br\/index.php\/wp-json\/wp\/v2\/users\/1"}],"replies":[{"embeddable":true,"href":"https:\/\/blogdoedvaldomagalhaes.com.br\/index.php\/wp-json\/wp\/v2\/comments?post=116156"}],"version-history":[{"count":1,"href":"https:\/\/blogdoedvaldomagalhaes.com.br\/index.php\/wp-json\/wp\/v2\/posts\/116156\/revisions"}],"predecessor-version":[{"id":116158,"href":"https:\/\/blogdoedvaldomagalhaes.com.br\/index.php\/wp-json\/wp\/v2\/posts\/116156\/revisions\/116158"}],"wp:featuredmedia":[{"embeddable":true,"href":"https:\/\/blogdoedvaldomagalhaes.com.br\/index.php\/wp-json\/wp\/v2\/media\/116157"}],"wp:attachment":[{"href":"https:\/\/blogdoedvaldomagalhaes.com.br\/index.php\/wp-json\/wp\/v2\/media?parent=116156"}],"wp:term":[{"taxonomy":"category","embeddable":true,"href":"https:\/\/blogdoedvaldomagalhaes.com.br\/index.php\/wp-json\/wp\/v2\/categories?post=116156"},{"taxonomy":"post_tag","embeddable":true,"href":"https:\/\/blogdoedvaldomagalhaes.com.br\/index.php\/wp-json\/wp\/v2\/tags?post=116156"}],"curies":[{"name":"wp","href":"https:\/\/api.w.org\/{rel}","templated":true}]}}