{"id":116153,"date":"2025-01-27T16:08:24","date_gmt":"2025-01-27T19:08:24","guid":{"rendered":"https:\/\/blogdoedvaldomagalhaes.com.br\/?p=116153"},"modified":"2025-01-27T16:08:24","modified_gmt":"2025-01-27T19:08:24","slug":"confira-instrucoes-da-urb-para-solicitacoes-no-cadastro-imobiliario-de-caruaru","status":"publish","type":"post","link":"https:\/\/blogdoedvaldomagalhaes.com.br\/index.php\/2025\/01\/27\/confira-instrucoes-da-urb-para-solicitacoes-no-cadastro-imobiliario-de-caruaru\/","title":{"rendered":"Confira instru\u00e7\u00f5es da URB para solicita\u00e7\u00f5es no Cadastro Imobili\u00e1rio de Caruaru"},"content":{"rendered":"<p>O setor do Cadastro Imobili\u00e1rio de Caruaru agora \u00e9 parte da estrutura da Autarquia de Urbaniza\u00e7\u00e3o e Meio Ambiente (URB). A mudan\u00e7a teve in\u00edcio nesta segunda-feira (27) e visa integrar e otimizar as atividades, reduzindo a burocracia e o tempo de espera para a realiza\u00e7\u00e3o dos processos.<\/p>\n<p>Para fazer as solicita\u00e7\u00f5es referentes aos servi\u00e7os do setor, os interessados devem acessar a plataforma Caruaru Digital (1Doc), dispon\u00edvel em: https:\/\/caruaru.1doc.com.br\/b.php?pg=o\/wp. Os contatos de atendimento direto tamb\u00e9m permanecem os mesmos, com o telefone (81) 98384-3766 e WhatsApp (81) 98384-3495.<\/p>\n<p>Entre os servi\u00e7os oferecidos, est\u00e3o os de Averba\u00e7\u00e3o Cadastral, Certid\u00e3o Narrativa, Certid\u00e3o de Limites, Certid\u00e3o de Logradouro e Bairro, Certid\u00e3o por Tempo de Cadastro, Certid\u00e3o Narrativa de C\u00f4modos, Revis\u00e3o de \u00c1rea para Cadastramento, Inclus\u00e3o ou Reativa\u00e7\u00e3o de cadastro para fins de legaliza\u00e7\u00e3o e Retifica\u00e7\u00e3o de \u00e1reas.<\/p>\n<p>Para mais informa\u00e7\u00f5es, \u00e9 poss\u00edvel entrar em contato com a URB por meio do telefone (81) 3101-0108, o WhatsApp (81) 98384-3216 ou presencialmente, na Rua Visconde Inha\u00fama, 1191, bairro Maur\u00edcio\u00a0de\u00a0Nassau.<br \/>\nSeja seguidor do Instagram do Blog pelo @blogdoedvaldomagalhaes<br \/>\nFoto: Divulga\u00e7\u00e3o\/Secom\/PMC <\/p>\n","protected":false},"excerpt":{"rendered":"<p>O setor do Cadastro Imobili\u00e1rio de Caruaru agora \u00e9 parte da estrutura da Autarquia de Urbaniza\u00e7\u00e3o e Meio Ambiente (URB).&hellip;<\/p>\n","protected":false},"author":1,"featured_media":116154,"comment_status":"closed","ping_status":"open","sticky":false,"template":"","format":"standard","meta":{"footnotes":""},"categories":[14120],"tags":[28803,27410,13146,28801,32578],"class_list":["post-116153","post","type-post","status-publish","format-standard","has-post-thumbnail","hentry","category-noticias","tag-blog-com-mais-visualizacoes","tag-blog-de-caruaru","tag-blog-edvaldo-magalhaes","tag-blog-mais-acessado","tag-confira-instrucoes-da-urb-para-solicitacoes-no-cadastro-imobiliario-de-caruaru"],"_links":{"self":[{"href":"https:\/\/blogdoedvaldomagalhaes.com.br\/index.php\/wp-json\/wp\/v2\/posts\/116153","targetHints":{"allow":["GET"]}}],"collection":[{"href":"https:\/\/blogdoedvaldomagalhaes.com.br\/index.php\/wp-json\/wp\/v2\/posts"}],"about":[{"href":"https:\/\/blogdoedvaldomagalhaes.com.br\/index.php\/wp-json\/wp\/v2\/types\/post"}],"author":[{"embeddable":true,"href":"https:\/\/blogdoedvaldomagalhaes.com.br\/index.php\/wp-json\/wp\/v2\/users\/1"}],"replies":[{"embeddable":true,"href":"https:\/\/blogdoedvaldomagalhaes.com.br\/index.php\/wp-json\/wp\/v2\/comments?post=116153"}],"version-history":[{"count":1,"href":"https:\/\/blogdoedvaldomagalhaes.com.br\/index.php\/wp-json\/wp\/v2\/posts\/116153\/revisions"}],"predecessor-version":[{"id":116155,"href":"https:\/\/blogdoedvaldomagalhaes.com.br\/index.php\/wp-json\/wp\/v2\/posts\/116153\/revisions\/116155"}],"wp:featuredmedia":[{"embeddable":true,"href":"https:\/\/blogdoedvaldomagalhaes.com.br\/index.php\/wp-json\/wp\/v2\/media\/116154"}],"wp:attachment":[{"href":"https:\/\/blogdoedvaldomagalhaes.com.br\/index.php\/wp-json\/wp\/v2\/media?parent=116153"}],"wp:term":[{"taxonomy":"category","embeddable":true,"href":"https:\/\/blogdoedvaldomagalhaes.com.br\/index.php\/wp-json\/wp\/v2\/categories?post=116153"},{"taxonomy":"post_tag","embeddable":true,"href":"https:\/\/blogdoedvaldomagalhaes.com.br\/index.php\/wp-json\/wp\/v2\/tags?post=116153"}],"curies":[{"name":"wp","href":"https:\/\/api.w.org\/{rel}","templated":true}]}}