{"id":116150,"date":"2025-01-27T15:54:46","date_gmt":"2025-01-27T18:54:46","guid":{"rendered":"https:\/\/blogdoedvaldomagalhaes.com.br\/?p=116150"},"modified":"2025-01-27T15:54:46","modified_gmt":"2025-01-27T18:54:46","slug":"caminhao-com-mais-de-30-toneladas-em-excesso-e-recolhido-pela-prf","status":"publish","type":"post","link":"https:\/\/blogdoedvaldomagalhaes.com.br\/index.php\/2025\/01\/27\/caminhao-com-mais-de-30-toneladas-em-excesso-e-recolhido-pela-prf\/","title":{"rendered":"Caminh\u00e3o com mais de 30 toneladas em excesso \u00e9 recolhido pela PRF"},"content":{"rendered":"<p>A Pol\u00edcia Rodovi\u00e1ria Federal (PRF) recolheu, neste domingo (26), um caminh\u00e3o que transportava gr\u00e3os de milho com mais de 30 toneladas de excesso de peso. O flagrante ocorreu na BR-423, no munic\u00edpio de Paranatama, em Pernambuco.<\/p>\n<p>Durante uma fiscaliza\u00e7\u00e3o, foi dada a ordem de parada a um caminh\u00e3o trator, carregado de gr\u00e3os de milho. Ap\u00f3s solicitar os documentos fiscais e peso total da carga, a equipe constatou cerca de 31,2 toneladas de excesso, al\u00e9m de 25,2 toneladas na Carga M\u00e1xima Tracionada (CMT). A mercadoria seguia de Aragua\u00edna\/TO com destino a Garanhuns\/PE.<br \/>\nA propriet\u00e1ria do ve\u00edculo, juntamente com a empresa e o pr\u00f3prio motorista, podem ser responsabilizados pelo transporte de milho com sobrepeso. O caminh\u00e3o e a carga foram recolhidos e encaminhados para o p\u00e1tio da PRF em Garanhuns, para a regulariza\u00e7\u00e3o do peso por meio do transbordo da carga.<\/p>\n<p>Excesso de peso<\/p>\n<p>O excesso de peso coloca em risco a vida no tr\u00e2nsito, por comprometer a suspens\u00e3o e sistema de freios do ve\u00edculo, aumentando a chance de sinistros e tombamento, al\u00e9m de provocar dano ao pavimento das vias por meio do desgaste precoce. Foto: Divulga\u00e7\u00e3o\/PRF<br \/>\nSeja seguidor do Instagram do Blog pelo @blogdoedvaldomagalhaes<\/p>\n","protected":false},"excerpt":{"rendered":"<p>A Pol\u00edcia Rodovi\u00e1ria Federal (PRF) recolheu, neste domingo (26), um caminh\u00e3o que transportava gr\u00e3os de milho com mais de 30&hellip;<\/p>\n","protected":false},"author":1,"featured_media":116151,"comment_status":"closed","ping_status":"open","sticky":false,"template":"","format":"standard","meta":{"footnotes":""},"categories":[14121],"tags":[30592,27410,2,28801,32577],"class_list":["post-116150","post","type-post","status-publish","format-standard","has-post-thumbnail","hentry","category-policial","tag-blog-com-mais-seguidores","tag-blog-de-caruaru","tag-blog-do-edvaldo-magalhaes","tag-blog-mais-acessado","tag-caminhao-com-mais-de-30-toneladas-em-excesso-e-recolhido-pela-prf"],"_links":{"self":[{"href":"https:\/\/blogdoedvaldomagalhaes.com.br\/index.php\/wp-json\/wp\/v2\/posts\/116150","targetHints":{"allow":["GET"]}}],"collection":[{"href":"https:\/\/blogdoedvaldomagalhaes.com.br\/index.php\/wp-json\/wp\/v2\/posts"}],"about":[{"href":"https:\/\/blogdoedvaldomagalhaes.com.br\/index.php\/wp-json\/wp\/v2\/types\/post"}],"author":[{"embeddable":true,"href":"https:\/\/blogdoedvaldomagalhaes.com.br\/index.php\/wp-json\/wp\/v2\/users\/1"}],"replies":[{"embeddable":true,"href":"https:\/\/blogdoedvaldomagalhaes.com.br\/index.php\/wp-json\/wp\/v2\/comments?post=116150"}],"version-history":[{"count":1,"href":"https:\/\/blogdoedvaldomagalhaes.com.br\/index.php\/wp-json\/wp\/v2\/posts\/116150\/revisions"}],"predecessor-version":[{"id":116152,"href":"https:\/\/blogdoedvaldomagalhaes.com.br\/index.php\/wp-json\/wp\/v2\/posts\/116150\/revisions\/116152"}],"wp:featuredmedia":[{"embeddable":true,"href":"https:\/\/blogdoedvaldomagalhaes.com.br\/index.php\/wp-json\/wp\/v2\/media\/116151"}],"wp:attachment":[{"href":"https:\/\/blogdoedvaldomagalhaes.com.br\/index.php\/wp-json\/wp\/v2\/media?parent=116150"}],"wp:term":[{"taxonomy":"category","embeddable":true,"href":"https:\/\/blogdoedvaldomagalhaes.com.br\/index.php\/wp-json\/wp\/v2\/categories?post=116150"},{"taxonomy":"post_tag","embeddable":true,"href":"https:\/\/blogdoedvaldomagalhaes.com.br\/index.php\/wp-json\/wp\/v2\/tags?post=116150"}],"curies":[{"name":"wp","href":"https:\/\/api.w.org\/{rel}","templated":true}]}}