{"id":116121,"date":"2025-01-25T18:49:47","date_gmt":"2025-01-25T21:49:47","guid":{"rendered":"https:\/\/blogdoedvaldomagalhaes.com.br\/?p=116121"},"modified":"2025-01-25T18:49:47","modified_gmt":"2025-01-25T21:49:47","slug":"pm-prende-tres-individuos-e-apreende-drogas","status":"publish","type":"post","link":"https:\/\/blogdoedvaldomagalhaes.com.br\/index.php\/2025\/01\/25\/pm-prende-tres-individuos-e-apreende-drogas\/","title":{"rendered":"PM prende tr\u00eas indiv\u00edduos e apreende drogas"},"content":{"rendered":"<p>Na sexta-feira (24.01), policiais militares do 10\u00ba BPM, ap\u00f3s receberem den\u00fancias sobre tr\u00eas indiv\u00edduos envolvidos no tr\u00e1fico de entorpecentes no bairro S\u00e3o Francisco, em Palmares, realizaram uma opera\u00e7\u00e3o que culminou na pris\u00e3o dos suspeitos. Durante a a\u00e7\u00e3o, foram apreendidos os seguintes materiais: 51 inv\u00f3lucros pl\u00e1sticos com subst\u00e2ncia an\u00e1loga ao crack, 34 inv\u00f3lucros pl\u00e1sticos contendo subst\u00e2ncia an\u00e1loga \u00e0 maconha, 5,255 kg de maconha prensada, 241 g de subst\u00e2ncia an\u00e1loga \u00e0 coca\u00edna e 113 g de subst\u00e2ncia an\u00e1loga ao crack. Os indiv\u00edduos e todo o material apreendido foram encaminhados \u00e0 Delegacia de Palmares para a ado\u00e7\u00e3o das medidas legais cab\u00edveis.<br \/>\nSeja seguidor do Instagram do Blog pelo @blogdoedvaldomagalhaes<br \/>\nFoto: Divulga\u00e7\u00e3o\/PMPE <\/p>\n","protected":false},"excerpt":{"rendered":"<p>Na sexta-feira (24.01), policiais militares do 10\u00ba BPM, ap\u00f3s receberem den\u00fancias sobre tr\u00eas indiv\u00edduos envolvidos no tr\u00e1fico de entorpecentes no&hellip;<\/p>\n","protected":false},"author":1,"featured_media":0,"comment_status":"closed","ping_status":"open","sticky":false,"template":"","format":"standard","meta":{"footnotes":""},"categories":[1],"tags":[],"class_list":["post-116121","post","type-post","status-publish","format-standard","hentry","category-sem-categoria"],"_links":{"self":[{"href":"https:\/\/blogdoedvaldomagalhaes.com.br\/index.php\/wp-json\/wp\/v2\/posts\/116121","targetHints":{"allow":["GET"]}}],"collection":[{"href":"https:\/\/blogdoedvaldomagalhaes.com.br\/index.php\/wp-json\/wp\/v2\/posts"}],"about":[{"href":"https:\/\/blogdoedvaldomagalhaes.com.br\/index.php\/wp-json\/wp\/v2\/types\/post"}],"author":[{"embeddable":true,"href":"https:\/\/blogdoedvaldomagalhaes.com.br\/index.php\/wp-json\/wp\/v2\/users\/1"}],"replies":[{"embeddable":true,"href":"https:\/\/blogdoedvaldomagalhaes.com.br\/index.php\/wp-json\/wp\/v2\/comments?post=116121"}],"version-history":[{"count":1,"href":"https:\/\/blogdoedvaldomagalhaes.com.br\/index.php\/wp-json\/wp\/v2\/posts\/116121\/revisions"}],"predecessor-version":[{"id":116122,"href":"https:\/\/blogdoedvaldomagalhaes.com.br\/index.php\/wp-json\/wp\/v2\/posts\/116121\/revisions\/116122"}],"wp:attachment":[{"href":"https:\/\/blogdoedvaldomagalhaes.com.br\/index.php\/wp-json\/wp\/v2\/media?parent=116121"}],"wp:term":[{"taxonomy":"category","embeddable":true,"href":"https:\/\/blogdoedvaldomagalhaes.com.br\/index.php\/wp-json\/wp\/v2\/categories?post=116121"},{"taxonomy":"post_tag","embeddable":true,"href":"https:\/\/blogdoedvaldomagalhaes.com.br\/index.php\/wp-json\/wp\/v2\/tags?post=116121"}],"curies":[{"name":"wp","href":"https:\/\/api.w.org\/{rel}","templated":true}]}}