{"id":116118,"date":"2025-01-25T11:53:11","date_gmt":"2025-01-25T14:53:11","guid":{"rendered":"https:\/\/blogdoedvaldomagalhaes.com.br\/?p=116118"},"modified":"2025-01-25T11:53:11","modified_gmt":"2025-01-25T14:53:11","slug":"mais-votado-em-caruaru-e-com-atuacao-em-outros-municipios-anderson-correia-fortalece-seu-nome-para-deputado-estadual","status":"publish","type":"post","link":"https:\/\/blogdoedvaldomagalhaes.com.br\/index.php\/2025\/01\/25\/mais-votado-em-caruaru-e-com-atuacao-em-outros-municipios-anderson-correia-fortalece-seu-nome-para-deputado-estadual\/","title":{"rendered":"Mais votado em Caruaru e com atua\u00e7\u00e3o em outros munic\u00edpios, Anderson Correia fortalece seu nome para deputado estadual"},"content":{"rendered":"<p><span style=\"font-size: revert;\">A \u00faltima elei\u00e7\u00e3o n\u00e3o fez apenas Anderson Correia ter a maior vota\u00e7\u00e3o de um vereador reeleito na hist\u00f3ria de Caruaru, com impressionantes 7.310 votos, e sair mais forte e consolidado como parlamentar no Poder Legislativo caruaruense, mas, principalmente, pavimentou seu caminho para pleitear uma vaga na Assembleia Legislativa de Pernambuco, um pedido que tem ganhado um coro cada vez mais robusto da popula\u00e7\u00e3o n\u00e3o s\u00f3 de seu territ\u00f3rio eleitoral, mas tamb\u00e9m das cidades vizinhas.<\/span><\/p>\n<p>Ali\u00e1s, isso vem acontecendo desde 2022, quando o Defensor dos Animais esteve no pleito eleitoral para deputado federal e saiu com uma grande vit\u00f3ria moral, confirmada nas urnas, com mais de 16 mil votos, fazendo uma campanha limpa e praticamente sem recursos, igualando a vota\u00e7\u00e3o de candidatos apadrinhados por nomes de peso da pol\u00edtica e, inclusive, entre eles at\u00e9 gente com mandato. Essa elei\u00e7\u00e3o foi o ponto de partida para cravar a ascens\u00e3o de Anderson no cen\u00e1rio pol\u00edtico para al\u00e9m de Caruaru, elevando sua posi\u00e7\u00e3o como postulante a voos mais altos em Pernambuco.<\/p>\n<p>Alguns fatores contribuem para esse fen\u00f4meno que Correia se tornou, e que s\u00f3 faz crescer e fortalecer seu nome a cada elei\u00e7\u00e3o. Um dos pontos a ser destacado \u00e9 o da atua\u00e7\u00e3o dele al\u00e9m das fronteiras do Pa\u00eds de Caruaru. Ser refer\u00eancia na pauta animalista, como o principal nome de Pernambuco no combate aos maus-tratos, tem feito populares, protetores de animais e lideran\u00e7as de outros munic\u00edpios acion\u00e1-lo para dilig\u00eancias, usando sua habilidade e compet\u00eancia como advogado animalista na resolu\u00e7\u00e3o de diversos casos. Essas e outras raz\u00f5es t\u00eam tornado Anderson a principal op\u00e7\u00e3o para deputado estadual proveniente da Capital do Agreste.<br \/>\nSeja seguidor do Instagram do Blog @blogdoedvaldomagalhaes.<br \/>\nFoto: Divulga\u00e7\u00e3o<\/p>\n","protected":false},"excerpt":{"rendered":"<p>A \u00faltima elei\u00e7\u00e3o n\u00e3o fez apenas Anderson Correia ter a maior vota\u00e7\u00e3o de um vereador reeleito na hist\u00f3ria de Caruaru,&hellip;<\/p>\n","protected":false},"author":1,"featured_media":116119,"comment_status":"closed","ping_status":"open","sticky":false,"template":"","format":"standard","meta":{"footnotes":""},"categories":[14122],"tags":[28803,27410,2,28801,32557],"class_list":["post-116118","post","type-post","status-publish","format-standard","has-post-thumbnail","hentry","category-politica","tag-blog-com-mais-visualizacoes","tag-blog-de-caruaru","tag-blog-do-edvaldo-magalhaes","tag-blog-mais-acessado","tag-mais-votado-em-caruaru-e-com-atuacao-em-outros-municipios-anderson-correia-fortalece-seu-nome-para-deputado-estadual"],"_links":{"self":[{"href":"https:\/\/blogdoedvaldomagalhaes.com.br\/index.php\/wp-json\/wp\/v2\/posts\/116118","targetHints":{"allow":["GET"]}}],"collection":[{"href":"https:\/\/blogdoedvaldomagalhaes.com.br\/index.php\/wp-json\/wp\/v2\/posts"}],"about":[{"href":"https:\/\/blogdoedvaldomagalhaes.com.br\/index.php\/wp-json\/wp\/v2\/types\/post"}],"author":[{"embeddable":true,"href":"https:\/\/blogdoedvaldomagalhaes.com.br\/index.php\/wp-json\/wp\/v2\/users\/1"}],"replies":[{"embeddable":true,"href":"https:\/\/blogdoedvaldomagalhaes.com.br\/index.php\/wp-json\/wp\/v2\/comments?post=116118"}],"version-history":[{"count":1,"href":"https:\/\/blogdoedvaldomagalhaes.com.br\/index.php\/wp-json\/wp\/v2\/posts\/116118\/revisions"}],"predecessor-version":[{"id":116120,"href":"https:\/\/blogdoedvaldomagalhaes.com.br\/index.php\/wp-json\/wp\/v2\/posts\/116118\/revisions\/116120"}],"wp:featuredmedia":[{"embeddable":true,"href":"https:\/\/blogdoedvaldomagalhaes.com.br\/index.php\/wp-json\/wp\/v2\/media\/116119"}],"wp:attachment":[{"href":"https:\/\/blogdoedvaldomagalhaes.com.br\/index.php\/wp-json\/wp\/v2\/media?parent=116118"}],"wp:term":[{"taxonomy":"category","embeddable":true,"href":"https:\/\/blogdoedvaldomagalhaes.com.br\/index.php\/wp-json\/wp\/v2\/categories?post=116118"},{"taxonomy":"post_tag","embeddable":true,"href":"https:\/\/blogdoedvaldomagalhaes.com.br\/index.php\/wp-json\/wp\/v2\/tags?post=116118"}],"curies":[{"name":"wp","href":"https:\/\/api.w.org\/{rel}","templated":true}]}}