{"id":116108,"date":"2025-01-24T18:58:00","date_gmt":"2025-01-24T21:58:00","guid":{"rendered":"https:\/\/blogdoedvaldomagalhaes.com.br\/?p=116108"},"modified":"2025-01-24T18:58:00","modified_gmt":"2025-01-24T21:58:00","slug":"bal-masque-2025-celebra-mestre-vitalino-e-destaca-a-riqueza-cultural-de-caruaru","status":"publish","type":"post","link":"https:\/\/blogdoedvaldomagalhaes.com.br\/index.php\/2025\/01\/24\/bal-masque-2025-celebra-mestre-vitalino-e-destaca-a-riqueza-cultural-de-caruaru\/","title":{"rendered":"Bal Masqu\u00e9 2025 celebra Mestre Vitalino e destaca a riqueza cultural de Caruaru"},"content":{"rendered":"<p>Tema 2025: \u201cA CULTURA DO MESTRE VITALINO DE CARUARU\u201d<\/p>\n<p>Em sua 75\u00aa edi\u00e7\u00e3o, o Bal Masqu\u00e9 de 2025 integrar\u00e1 em seu Jubileu Diamante no dia 15 de fevereiro, no Clube Internacional do Recife, a obra do renomado artes\u00e3o Mestre Vitalino, destacando a rica tradi\u00e7\u00e3o cultural de Caruaru. Essa homenagem cultural potencializa a import\u00e2ncia da regi\u00e3o e da cidade, situada no Agreste pernambucano, que possui uma hist\u00f3ria marcada por uma riqueza sociol\u00f3gica pela presen\u00e7a ind\u00edgena, art\u00edstica e econ\u00f4mica para o estado, em virtude da tradicional Feira de Caruaru e do S\u00e3o Jo\u00e3o, considerado o maior do Nordeste. <\/p>\n<p>N\u00e3o \u00e9 \u00e0 toa que o Mestre Vitalino, natural de Caruaru, se torna um importante destaque na cena da festa de 75 anos do Bal Masqu\u00e9. \u00cdcone da arte popular brasileira, o artes\u00e3o cujo nome de batismo \u00e9 Vitalino Pereira dos Santos (1909-1963) eternizou a cultura do Nordeste atrav\u00e9s de suas esculturas de barro que retratam cenas do cotidiano e figuras emblem\u00e1ticas como Lampi\u00e3o e Maria Bonita. Nascido no Alto do Moura, onde sua casa \u00e9 hoje um museu, transformou a arte figurativa em barro em patrim\u00f4nio cultural do Brasil. <\/p>\n<p>Com isso, o Mestre Vitalino ganhou reconhecimento nacional e internacional, ap\u00f3s exposi\u00e7\u00f5es a partir de 1947, por suas esculturas em barro que retratam cenas do cotidiano nordestino, consolidando a cidade como um polo de arte popular. E o resultado disso \u00e9 que atualmente suas obras est\u00e3o expostas em grandes museus como o Louvre, em Paris, e o Museu Casa do Pontal, no Rio, levando a arte e a cultura local al\u00e9m da geografia do Agreste e de Caruaru, cidade que ganha impulso cont\u00ednuo com a gest\u00e3o do atual prefeito Rodrigo Pinheiro, reeleito para este segundo mandato, quetem enfatizado a continuidade de uma gest\u00e3o transparente e eficiente, impulsionando o crescimento cont\u00ednuo de Caruaru.<\/p>\n<p>Por isso, prestando essa homenagem, refer\u00eancias \u00e0 arte do Mestre Vitalino estar\u00e3o refletidas na decora\u00e7\u00e3o da festa, que traz um pouco da sua cidade natal para o Clube Internacional. Os ingressos para a 75\u00aa edi\u00e7\u00e3o do Bal Masqu\u00e9 j\u00e1 est\u00e3o \u00e0 venda com novos lotes nos valores R$ 85,00 (meia) para Area Pr\u00eamio, R$ 105,00 (social) para Area Pr\u00eamio e R$ 170,00 (inteira) para Area Pr\u00eamio. Com um prop\u00f3sito filantr\u00f3pico, parte da renda ser\u00e1 destinada a institui\u00e7\u00f5es beneficentes como o NACC, o Hospital do C\u00e2ncer do Recife e a comunidade terap\u00eautica SARAVIDA. <\/p>\n<p>A festa contar\u00e1 com apresenta\u00e7\u00f5es de Almir Rouche, Garota Nacional, Priscila Sena e Cheiro de Amor, al\u00e9m do tradicional Desfile de M\u00e1scaras e Fantasias e o concurso Garota Bal Masqu\u00e9, que ter\u00e1 jurados como a governadora Raquel Lyra e o prefeito Jo\u00e3o Campos. Para tornar o evento mais inclusivo, 70% dos ingressos s\u00e3o sociais, vendidos nas plataformas Sympla e Bilheteria Digital, garantindo acessibilidade ao p\u00fablico. A \u00e1rea VIP, tamb\u00e9m \u00e0 venda na Bilheteria Digital, promete uma experi\u00eancia sofisticada. A expectativa \u00e9 de um grande p\u00fablico, celebrando o Jubileu de Diamante desse que \u00e9 um marco do Carnaval pernambucano, mesclando tradi\u00e7\u00e3o, glamour e solidariedade.<\/p>\n<p>SERVI\u00c7O: <\/p>\n<p>Bal Masqu\u00e9 2025 \u2013 Jubileu de Diamante<br \/>\nDia: 15 de fevereiro de 2025 (s\u00e1bado)<br \/>\nHor\u00e1rio: a partir das 19h<br \/>\nOnde: Clube Internacional do Recife<br \/>\nIngressos: www.bilheteriadigital.com\/balmasque-2025-15-de-fevereiro<br \/>\nSiga o Instagram do Blog pelo @blogdoedvaldomagalhaes.<br \/>\nFoto: Divulga\u00e7\u00e3o <\/p>\n","protected":false},"excerpt":{"rendered":"<p>Tema 2025: \u201cA CULTURA DO MESTRE VITALINO DE CARUARU\u201d Em sua 75\u00aa edi\u00e7\u00e3o, o Bal Masqu\u00e9 de 2025 integrar\u00e1 em&hellip;<\/p>\n","protected":false},"author":1,"featured_media":116109,"comment_status":"closed","ping_status":"open","sticky":false,"template":"","format":"standard","meta":{"footnotes":""},"categories":[14120],"tags":[32555,28803,27410,13146,28801],"class_list":["post-116108","post","type-post","status-publish","format-standard","has-post-thumbnail","hentry","category-noticias","tag-bal-masque-2025-celebra-mestre-vitalino-e-destaca-a-riqueza-cultural-de-caruaru","tag-blog-com-mais-visualizacoes","tag-blog-de-caruaru","tag-blog-edvaldo-magalhaes","tag-blog-mais-acessado"],"_links":{"self":[{"href":"https:\/\/blogdoedvaldomagalhaes.com.br\/index.php\/wp-json\/wp\/v2\/posts\/116108","targetHints":{"allow":["GET"]}}],"collection":[{"href":"https:\/\/blogdoedvaldomagalhaes.com.br\/index.php\/wp-json\/wp\/v2\/posts"}],"about":[{"href":"https:\/\/blogdoedvaldomagalhaes.com.br\/index.php\/wp-json\/wp\/v2\/types\/post"}],"author":[{"embeddable":true,"href":"https:\/\/blogdoedvaldomagalhaes.com.br\/index.php\/wp-json\/wp\/v2\/users\/1"}],"replies":[{"embeddable":true,"href":"https:\/\/blogdoedvaldomagalhaes.com.br\/index.php\/wp-json\/wp\/v2\/comments?post=116108"}],"version-history":[{"count":1,"href":"https:\/\/blogdoedvaldomagalhaes.com.br\/index.php\/wp-json\/wp\/v2\/posts\/116108\/revisions"}],"predecessor-version":[{"id":116110,"href":"https:\/\/blogdoedvaldomagalhaes.com.br\/index.php\/wp-json\/wp\/v2\/posts\/116108\/revisions\/116110"}],"wp:featuredmedia":[{"embeddable":true,"href":"https:\/\/blogdoedvaldomagalhaes.com.br\/index.php\/wp-json\/wp\/v2\/media\/116109"}],"wp:attachment":[{"href":"https:\/\/blogdoedvaldomagalhaes.com.br\/index.php\/wp-json\/wp\/v2\/media?parent=116108"}],"wp:term":[{"taxonomy":"category","embeddable":true,"href":"https:\/\/blogdoedvaldomagalhaes.com.br\/index.php\/wp-json\/wp\/v2\/categories?post=116108"},{"taxonomy":"post_tag","embeddable":true,"href":"https:\/\/blogdoedvaldomagalhaes.com.br\/index.php\/wp-json\/wp\/v2\/tags?post=116108"}],"curies":[{"name":"wp","href":"https:\/\/api.w.org\/{rel}","templated":true}]}}