{"id":116104,"date":"2025-01-24T18:49:16","date_gmt":"2025-01-24T21:49:16","guid":{"rendered":"https:\/\/blogdoedvaldomagalhaes.com.br\/?p=116104"},"modified":"2025-01-24T19:01:31","modified_gmt":"2025-01-24T22:01:31","slug":"nova-secretaria-de-projetos-estrategicos-de-caruaru-recebe-visita-de-delegacao-de-empresas-espanholas-de-tecnologia-e-inteligencia-artificial","status":"publish","type":"post","link":"https:\/\/blogdoedvaldomagalhaes.com.br\/index.php\/2025\/01\/24\/nova-secretaria-de-projetos-estrategicos-de-caruaru-recebe-visita-de-delegacao-de-empresas-espanholas-de-tecnologia-e-inteligencia-artificial\/","title":{"rendered":"Nova Secretaria de Projetos Estrat\u00e9gicos de Caruaru recebe visita de delega\u00e7\u00e3o de empresas espanholas de tecnologia e intelig\u00eancia artificial"},"content":{"rendered":"<p>A nova Secretaria de Projetos Estrat\u00e9gicos (SEPE) de Caruaru, recebeu no Escrit\u00f3rio Avan\u00e7ado da prefeitura de Caruaru, uma delega\u00e7\u00e3o composta por empresas de tecnologia e de intelig\u00eancia artificial. <\/p>\n<p>Durante a reuni\u00e3o, o Secret\u00e1rio Pedro Augusto Cavalcanti tratou de diversos projetos estrat\u00e9gicos para o desenvolvimento sustent\u00e1vel do munic\u00edpio, e se inteirou das tecnologias de ponta oferecidas pelas empresas, e que j\u00e1 est\u00e3o sendo implantadas como solu\u00e7\u00f5es de \u00faltima gera\u00e7\u00e3o em grandes cidades pelo mundo, inclusive na Am\u00e9rica Latina. <\/p>\n<p>\u201cMais uma vez, tivemos o privil\u00e9gio de dialogar e ter reuni\u00f5es importantes com agentes internacionais, desta vez com empresas espanholas, que vieram aqui para nos apresentar seus projetos e solu\u00e7\u00f5es para diversos setores econ\u00f4micos da nossa cidade. Importante essas conex\u00f5es para Caruaru se firmar como uma regi\u00e3o de grande potencial em diversos segmentos, como industrial, tecnol\u00f3gico e do agroneg\u00f3cio. Por isso, \u00e9 fundamental estarmos conectados com o que acontece no mundo e, na visita aqui dessa delega\u00e7\u00e3o espanhola, foi mais uma prova de que estamos no caminho certo para que Caruaru continue avan\u00e7ando nos seus projetos de um futuro cada vez mais sustent\u00e1vel\u201d, ressaltou Pedro Augusto.<br \/>\nSeja seguidor do Instagram do Blog pelo @blogdoedvaldomagalhaes<br \/>\nFoto: Imprensa\/SEPE<\/p>\n","protected":false},"excerpt":{"rendered":"<p>A nova Secretaria de Projetos Estrat\u00e9gicos (SEPE) de Caruaru, recebeu no Escrit\u00f3rio Avan\u00e7ado da prefeitura de Caruaru, uma delega\u00e7\u00e3o composta&hellip;<\/p>\n","protected":false},"author":1,"featured_media":116105,"comment_status":"closed","ping_status":"open","sticky":false,"template":"","format":"standard","meta":{"footnotes":""},"categories":[14122],"tags":[29440,27410,13146,28801,32554],"class_list":["post-116104","post","type-post","status-publish","format-standard","has-post-thumbnail","hentry","category-politica","tag-blog-com-mais-visualizacao","tag-blog-de-caruaru","tag-blog-edvaldo-magalhaes","tag-blog-mais-acessado","tag-nova-secretaria-de-projetos-estrategicos-de-caruaru-recebe-visita-de-delegacao-de-empresas-espanholas-de-tecnologia-e-inteligencia-artificial"],"_links":{"self":[{"href":"https:\/\/blogdoedvaldomagalhaes.com.br\/index.php\/wp-json\/wp\/v2\/posts\/116104","targetHints":{"allow":["GET"]}}],"collection":[{"href":"https:\/\/blogdoedvaldomagalhaes.com.br\/index.php\/wp-json\/wp\/v2\/posts"}],"about":[{"href":"https:\/\/blogdoedvaldomagalhaes.com.br\/index.php\/wp-json\/wp\/v2\/types\/post"}],"author":[{"embeddable":true,"href":"https:\/\/blogdoedvaldomagalhaes.com.br\/index.php\/wp-json\/wp\/v2\/users\/1"}],"replies":[{"embeddable":true,"href":"https:\/\/blogdoedvaldomagalhaes.com.br\/index.php\/wp-json\/wp\/v2\/comments?post=116104"}],"version-history":[{"count":1,"href":"https:\/\/blogdoedvaldomagalhaes.com.br\/index.php\/wp-json\/wp\/v2\/posts\/116104\/revisions"}],"predecessor-version":[{"id":116106,"href":"https:\/\/blogdoedvaldomagalhaes.com.br\/index.php\/wp-json\/wp\/v2\/posts\/116104\/revisions\/116106"}],"wp:featuredmedia":[{"embeddable":true,"href":"https:\/\/blogdoedvaldomagalhaes.com.br\/index.php\/wp-json\/wp\/v2\/media\/116105"}],"wp:attachment":[{"href":"https:\/\/blogdoedvaldomagalhaes.com.br\/index.php\/wp-json\/wp\/v2\/media?parent=116104"}],"wp:term":[{"taxonomy":"category","embeddable":true,"href":"https:\/\/blogdoedvaldomagalhaes.com.br\/index.php\/wp-json\/wp\/v2\/categories?post=116104"},{"taxonomy":"post_tag","embeddable":true,"href":"https:\/\/blogdoedvaldomagalhaes.com.br\/index.php\/wp-json\/wp\/v2\/tags?post=116104"}],"curies":[{"name":"wp","href":"https:\/\/api.w.org\/{rel}","templated":true}]}}