{"id":116098,"date":"2025-01-24T18:36:56","date_gmt":"2025-01-24T21:36:56","guid":{"rendered":"https:\/\/blogdoedvaldomagalhaes.com.br\/?p=116098"},"modified":"2025-01-24T18:36:56","modified_gmt":"2025-01-24T21:36:56","slug":"secretaria-de-educacao-de-caruaru-anuncia-lista-de-criancas-contempladas-com-vagas-nos-cmeis","status":"publish","type":"post","link":"https:\/\/blogdoedvaldomagalhaes.com.br\/index.php\/2025\/01\/24\/secretaria-de-educacao-de-caruaru-anuncia-lista-de-criancas-contempladas-com-vagas-nos-cmeis\/","title":{"rendered":"Secretaria de Educa\u00e7\u00e3o de Caruaru anuncia lista de crian\u00e7as contempladas com vagas nos CMEIs"},"content":{"rendered":"<p>A Secretaria de Educa\u00e7\u00e3o e Esportes (Seduc), divulgar\u00e1 nesta sexta-feira (24) a lista oficial das crian\u00e7as contempladas com vagas nos Centros Municipais de Educa\u00e7\u00e3o Infantil (CMEIs). O resultado estar\u00e1 dispon\u00edvel no Di\u00e1rio Oficial e poder\u00e1 ser consultado pelos respons\u00e1veis. Ao todo, foram contempladas 1.560 novas vagas e 149 transfer\u00eancias.<\/p>\n<p>Os respons\u00e1veis devem efetivar as matr\u00edculas das crian\u00e7as presencialmente na unidade contemplada, no per\u00edodo de 27 de janeiro a 07 de fevereiro. Para isso, ser\u00e1 necess\u00e1rio apresentar os seguintes documentos:<\/p>\n<p>Do estudante (c\u00f3pia):<br \/>\n1. Certid\u00e3o de nascimento e\/ou RG;<br \/>\n2. CPF:<br \/>\n3. Cart\u00e3o do SUS:<br \/>\n4. Cart\u00e3o de vacina\u00e7\u00e3o da crian\u00e7a atualizado;<br \/>\n5. Cart\u00e3o do Bolsa Fam\u00edlia (caso seja benefici\u00e1rio);<br \/>\n6. Comprovante de tipagem sangu\u00ednea &#8211; Fator RH<br \/>\n7. 2 fotos 3&#215;4;<br \/>\n8. Laudo m\u00e9dico para estudantes com Defici\u00eancia, Transtornos Globais do Desenvolvimento e Altas Habilidades ou Superdota\u00e7\u00e3o.<\/p>\n<p>Pais ou respons\u00e1veis (c\u00f3pia):<br \/>\n1. RG;<br \/>\n2. CPF:<br \/>\n3. Comprovante de resid\u00eancia com CEP.<\/p>\n<p>A Seduc refor\u00e7a a import\u00e2ncia de realizar a matr\u00edcula dentro do prazo estipulado para garantir a vaga. O processo \u00e9 fundamental para organizar o in\u00edcio do ano letivo e proporcionar uma educa\u00e7\u00e3o de qualidade para as crian\u00e7as da rede municipal.<br \/>\nSiga o Instagram do Blog pelo @blogdoedvaldomagalhaes<br \/>\nFoto: Elvis \u00c9dson <\/p>\n","protected":false},"excerpt":{"rendered":"<p>A Secretaria de Educa\u00e7\u00e3o e Esportes (Seduc), divulgar\u00e1 nesta sexta-feira (24) a lista oficial das crian\u00e7as contempladas com vagas nos&hellip;<\/p>\n","protected":false},"author":1,"featured_media":116099,"comment_status":"closed","ping_status":"open","sticky":false,"template":"","format":"standard","meta":{"footnotes":""},"categories":[14120],"tags":[30592,27410,13146,28801,32552],"class_list":["post-116098","post","type-post","status-publish","format-standard","has-post-thumbnail","hentry","category-noticias","tag-blog-com-mais-seguidores","tag-blog-de-caruaru","tag-blog-edvaldo-magalhaes","tag-blog-mais-acessado","tag-secretaria-de-educacao-de-caruaru-anuncia-lista-de-criancas-contempladas-com-vagas-nos-cmeis"],"_links":{"self":[{"href":"https:\/\/blogdoedvaldomagalhaes.com.br\/index.php\/wp-json\/wp\/v2\/posts\/116098","targetHints":{"allow":["GET"]}}],"collection":[{"href":"https:\/\/blogdoedvaldomagalhaes.com.br\/index.php\/wp-json\/wp\/v2\/posts"}],"about":[{"href":"https:\/\/blogdoedvaldomagalhaes.com.br\/index.php\/wp-json\/wp\/v2\/types\/post"}],"author":[{"embeddable":true,"href":"https:\/\/blogdoedvaldomagalhaes.com.br\/index.php\/wp-json\/wp\/v2\/users\/1"}],"replies":[{"embeddable":true,"href":"https:\/\/blogdoedvaldomagalhaes.com.br\/index.php\/wp-json\/wp\/v2\/comments?post=116098"}],"version-history":[{"count":1,"href":"https:\/\/blogdoedvaldomagalhaes.com.br\/index.php\/wp-json\/wp\/v2\/posts\/116098\/revisions"}],"predecessor-version":[{"id":116100,"href":"https:\/\/blogdoedvaldomagalhaes.com.br\/index.php\/wp-json\/wp\/v2\/posts\/116098\/revisions\/116100"}],"wp:featuredmedia":[{"embeddable":true,"href":"https:\/\/blogdoedvaldomagalhaes.com.br\/index.php\/wp-json\/wp\/v2\/media\/116099"}],"wp:attachment":[{"href":"https:\/\/blogdoedvaldomagalhaes.com.br\/index.php\/wp-json\/wp\/v2\/media?parent=116098"}],"wp:term":[{"taxonomy":"category","embeddable":true,"href":"https:\/\/blogdoedvaldomagalhaes.com.br\/index.php\/wp-json\/wp\/v2\/categories?post=116098"},{"taxonomy":"post_tag","embeddable":true,"href":"https:\/\/blogdoedvaldomagalhaes.com.br\/index.php\/wp-json\/wp\/v2\/tags?post=116098"}],"curies":[{"name":"wp","href":"https:\/\/api.w.org\/{rel}","templated":true}]}}