{"id":116095,"date":"2025-01-24T18:25:02","date_gmt":"2025-01-24T21:25:02","guid":{"rendered":"https:\/\/blogdoedvaldomagalhaes.com.br\/?p=116095"},"modified":"2025-01-24T18:53:00","modified_gmt":"2025-01-24T21:53:00","slug":"caruaru-vai-receber-caravana-sindical-dos-segmentos-textil-vestuario-serralharia-carpintaria-refrigeracao-farmacia-e-industria-de-cimento-e-cal","status":"publish","type":"post","link":"https:\/\/blogdoedvaldomagalhaes.com.br\/index.php\/2025\/01\/24\/caruaru-vai-receber-caravana-sindical-dos-segmentos-textil-vestuario-serralharia-carpintaria-refrigeracao-farmacia-e-industria-de-cimento-e-cal\/","title":{"rendered":"Caruaru vai receber Caravana Sindical dos segmentos t\u00eaxtil, vestu\u00e1rio, serralharia, carpintaria, refrigera\u00e7\u00e3o, farm\u00e1cia e ind\u00fastria de cimento e cal"},"content":{"rendered":"<p>O Sistema FIEPE e seis sindicatos patronais promovem, nesta segunda-feira (27), a partir das 18h30, a Caravana Sindical, no audit\u00f3rio da Unidade Regional Agreste da Federa\u00e7\u00e3o das Ind\u00fastrias do Estado de Pernambuco (FIEPE), em Caruaru. O objetivo do evento \u00e9 conectar, gerar conhecimento e impulsionar o setor industrial por meio de palestras, debates e da apresenta\u00e7\u00e3o de solu\u00e7\u00f5es estrat\u00e9gicas. <\/p>\n<p>Durante a programa\u00e7\u00e3o, tr\u00eas palestras ser\u00e3o ministradas: \u201cDinamismo lucrativo: a chave para transforma\u00e7\u00e3o industrial\u201d, com Silvio Oliveira Filho; \u201cDesafios da gest\u00e3o comercial: como resolver e atingir resultados consistentes em 2025\u201d, com Mauro Andrade; e ICMS- Difal das empresas do Simples Nacional e redu\u00e7\u00e3o de d\u00edvidas tribut\u00e1rias\u201d, com o advogado Eduardo Souza Le\u00e3o. As inscri\u00e7\u00f5es devem ser efetuadas com o preenchimento de um formul\u00e1rio dispon\u00edvel pelo link: https:\/\/docs.google.com\/forms\/d\/e\/1FAIpQLSc3slD7s-79SkSre4k0ZWfdF7i3jsfccXGXLVkFlqqx8bZX5w\/viewform. <\/p>\n<p>A realiza\u00e7\u00e3o \u00e9 do Sindicato das Ind\u00fastrias do Vestu\u00e1rio (Sindivest), Sindicato da Ind\u00fastria de Produtos de Cimento (Sinprocim), Sindicato da Ind\u00fastria de Refrigera\u00e7\u00e3o, Aquecimento e Tratamento de Ar (Sindratar), Sindicato das Ind\u00fastrias de Produtos Farmac\u00eauticos, Medicamentos, Cosm\u00e9ticos, Perfumaria e Artigos de Toucador (Sinfacope), Sindicato da Ind\u00fastria do Gelo  (Sindigelo) e do Sindicato da Ind\u00fastria de Serrarias, Carpintarias, Tanoarias do Estado (Sindiserra). O Sistema FIEPE e o Sebrae apoiam a iniciativa que conta ainda com a contribui\u00e7\u00e3o das empresas Anova e Souza Le\u00e3o Advocacia. <\/p>\n<p>Sistema FIEPE &#8211; Mantido pelo setor industrial, atua no desenvolvimento de solu\u00e7\u00f5es para trazer ainda mais competitividade ao segmento. Al\u00e9m da FIEPE \u2013 que realiza a defesa de interesse do setor produtivo \u2013 conta ainda com o SESI, o SENAI e o IEL. Pelo SESI-PE, s\u00e3o oferecidos servi\u00e7os de sa\u00fade e educa\u00e7\u00e3o b\u00e1sica para os industri\u00e1rios, familiares e comunidade geral. O SENAI-PE, al\u00e9m de forma\u00e7\u00e3o profissional, atua em metrologia e ensaios, consultorias e inova\u00e7\u00e3o. O IEL-PE foca na carreira profissional dos trabalhadores, desde a sele\u00e7\u00e3o de estagi\u00e1rios e profissionais, at\u00e9 a capacita\u00e7\u00e3o deles realizada pela sua Escola de Neg\u00f3cios.<\/p>\n<p>*Servi\u00e7o*<br \/>\n*Caravana Sindical*<br \/>\n*Data:* 27 de janeiro<br \/>\n*Hor\u00e1rio:* A partir das 18h30<br \/>\n*Local:* URA &#8211; Rua Padre F\u00e9lix Barreto, 79, Maur\u00edcio de Nassau<br \/>\n*Programa\u00e7\u00e3o:*<br \/>\nCoffee Break &#8211; 18h30<br \/>\nAbertura &#8211; 19h<br \/>\nPalavra dos Sindicatos &#8211; 19h10<br \/>\nPalavra do Sistema FIEPE &#8211; 19h30<br \/>\nPalestra Dinamismo Lucrativo &#8211; 19h45<br \/>\nPalestra Desafios da Gest\u00e3o Comercial &#8211; 20h30<br \/>\nPalestra ICMS- Difal &#8211; 21h15<br \/>\nEncerramento &#8211; 22h<br \/>\nSeja seguidor do Instagram do Blog pelo @blogdoedvaldomagalhaes.<br \/>\nFoto: Luiz Hor\u00e1cio<\/p>\n","protected":false},"excerpt":{"rendered":"<p>O Sistema FIEPE e seis sindicatos patronais promovem, nesta segunda-feira (27), a partir das 18h30, a Caravana Sindical, no audit\u00f3rio&hellip;<\/p>\n","protected":false},"author":1,"featured_media":116096,"comment_status":"closed","ping_status":"open","sticky":false,"template":"","format":"standard","meta":{"footnotes":""},"categories":[14120],"tags":[29440,27410,2,28801,32551],"class_list":["post-116095","post","type-post","status-publish","format-standard","has-post-thumbnail","hentry","category-noticias","tag-blog-com-mais-visualizacao","tag-blog-de-caruaru","tag-blog-do-edvaldo-magalhaes","tag-blog-mais-acessado","tag-caruaru-vai-receber-caravana-sindical"],"_links":{"self":[{"href":"https:\/\/blogdoedvaldomagalhaes.com.br\/index.php\/wp-json\/wp\/v2\/posts\/116095","targetHints":{"allow":["GET"]}}],"collection":[{"href":"https:\/\/blogdoedvaldomagalhaes.com.br\/index.php\/wp-json\/wp\/v2\/posts"}],"about":[{"href":"https:\/\/blogdoedvaldomagalhaes.com.br\/index.php\/wp-json\/wp\/v2\/types\/post"}],"author":[{"embeddable":true,"href":"https:\/\/blogdoedvaldomagalhaes.com.br\/index.php\/wp-json\/wp\/v2\/users\/1"}],"replies":[{"embeddable":true,"href":"https:\/\/blogdoedvaldomagalhaes.com.br\/index.php\/wp-json\/wp\/v2\/comments?post=116095"}],"version-history":[{"count":2,"href":"https:\/\/blogdoedvaldomagalhaes.com.br\/index.php\/wp-json\/wp\/v2\/posts\/116095\/revisions"}],"predecessor-version":[{"id":116107,"href":"https:\/\/blogdoedvaldomagalhaes.com.br\/index.php\/wp-json\/wp\/v2\/posts\/116095\/revisions\/116107"}],"wp:featuredmedia":[{"embeddable":true,"href":"https:\/\/blogdoedvaldomagalhaes.com.br\/index.php\/wp-json\/wp\/v2\/media\/116096"}],"wp:attachment":[{"href":"https:\/\/blogdoedvaldomagalhaes.com.br\/index.php\/wp-json\/wp\/v2\/media?parent=116095"}],"wp:term":[{"taxonomy":"category","embeddable":true,"href":"https:\/\/blogdoedvaldomagalhaes.com.br\/index.php\/wp-json\/wp\/v2\/categories?post=116095"},{"taxonomy":"post_tag","embeddable":true,"href":"https:\/\/blogdoedvaldomagalhaes.com.br\/index.php\/wp-json\/wp\/v2\/tags?post=116095"}],"curies":[{"name":"wp","href":"https:\/\/api.w.org\/{rel}","templated":true}]}}